{"id":22837,"date":"2026-03-11T09:50:49","date_gmt":"2026-03-11T09:50:49","guid":{"rendered":"https:\/\/www.abchukuk.com\/index.php\/2026\/03\/11\/bakan-gurlekten-onemli-aciklamalar-mahkemeler-sov-alani-degildir-canli-yayin-icin-kanuni-degisiklik-gerekiyor\/"},"modified":"2026-03-11T09:50:49","modified_gmt":"2026-03-11T09:50:49","slug":"bakan-gurlekten-onemli-aciklamalar-mahkemeler-sov-alani-degildir-canli-yayin-icin-kanuni-degisiklik-gerekiyor","status":"publish","type":"post","link":"https:\/\/www.abchukuk.com\/index.php\/2026\/03\/11\/bakan-gurlekten-onemli-aciklamalar-mahkemeler-sov-alani-degildir-canli-yayin-icin-kanuni-degisiklik-gerekiyor\/","title":{"rendered":"Bakan G\u00fcrlek\u2019ten \u00f6nemli a\u00e7\u0131klamalar: \u201cMahkemeler \u015fov alan\u0131 de\u011fildir, Canl\u0131 yay\u0131n i\u00e7in kanuni de\u011fi\u015fiklik gerekiyor\u201d"},"content":{"rendered":"<p>Adalet Bakan\u0131 Ak\u0131n G\u00fcrlek, TBMM\u2019de AK Parti Grup Toplant\u0131s\u0131 \u00f6ncesinde gazetecilerin sorular\u0131n\u0131 yan\u0131tlad\u0131.<\/p>\n<p>CANLI YAYIN \u0130\u00c7\u0130N KANUN DE\u011e\u0130\u015e\u0130KL\u0130\u011e\u0130 GEREK\u0130YOR<\/p>\n<p>MHP Genel Ba\u015fkan\u0131 Devlet Bah\u00e7eli\u2019nin, \u0130stanbul B\u00fcy\u00fck\u015fehir Belediyesi\u2019ne y\u00f6nelik davan\u0131n TRT\u2019den canl\u0131 yay\u0131nlanmas\u0131 y\u00f6n\u00fcndeki \u00e7a\u011fr\u0131s\u0131na ili\u015fkin soruya yan\u0131t veren G\u00fcrlek, mevcut mevzuat\u0131n buna izin vermedi\u011fini s\u00f6yleyerek \u201cCanl\u0131 yay\u0131n yap\u0131labilmesi i\u00e7in kanun de\u011fi\u015fikli\u011fi gerekiyor. \u015eu anki mevzuat\u0131m\u0131zda mahkemelerin canl\u0131 yay\u0131nlanmas\u0131na imkan yok. Ancak Meclis bu konuda bir d\u00fczenleme yaparsa elbette canl\u0131 yay\u0131n m\u00fcmk\u00fcn olabilir. \u015eu anda yarg\u0131lama s\u00fcreci devam ediyor\u201d diye konu\u015ftu.<\/p>\n<p>MAHKEMELER S\u0130YASET ARENASI DE\u011e\u0130LD\u0130R<\/p>\n<p>Ekrem \u0130mamo\u011flu\u2019nun san\u0131klar\u0131 aras\u0131nda bulundu\u011fu davaya ili\u015fkin de\u011ferlendirmelerde bulunan G\u00fcrlek, \u00a0\u201cMahkeme salonlar\u0131 siyaset arenas\u0131 de\u011fildir. Burada siyasi \u015fov yap\u0131lamaz. Mahkeme salonlar\u0131nda yaln\u0131zca yarg\u0131lama yap\u0131l\u0131r. Burada \u015fah\u0131slar\u0131n stat\u00fcleri, g\u00f6revleri \u00f6nemli de\u011fildir. Herkes san\u0131k stat\u00fcs\u00fcndedir\u201d ifadelerini kulland\u0131. Mahkeme hitaplar\u0131n\u0131n da hukuki \u00e7er\u00e7evede yap\u0131ld\u0131\u011f\u0131n\u0131 dile getiren G\u00fcrlek, h\u00e2kim ve savc\u0131lar\u0131n san\u0131klara g\u00f6rev ya da unvanlar\u0131na g\u00f6re de\u011fil hukuki stat\u00fclerine g\u00f6re hitap etti\u011fini belirtti. G\u00fcrlek, \u201cMahkeme salonlar\u0131nda \u2018say\u0131n m\u00fcd\u00fcr\u00fcm\u2019, \u2018belediye ba\u015fkan\u0131m\u2019 gibi hitaplar kullan\u0131lmaz. San\u0131k Ali, san\u0131k Mehmet ya da san\u0131k Ekrem \u015feklinde hitap edilir. \u00c7\u00fcnk\u00fc yarg\u0131lama hukuki stat\u00fc \u00fczerinden y\u00fcr\u00fcr\u201d dedi.<\/p>\n<p>USULE G\u00d6RE SAVUNMA YAPILIR<\/p>\n<p>Mahkeme d\u00fczeninin h\u00e2kim taraf\u0131ndan sa\u011fland\u0131\u011f\u0131n\u0131 belirten G\u00fcrlek, yarg\u0131lamada herkesin belirlenen usul \u00e7er\u00e7evesinde konu\u015fabilece\u011fini ifade etti. G\u00fcrlek, \u201cMahkeme d\u00fczenine ili\u015fkin karar verme yetkisi heyet ba\u015fkan\u0131na aittir. Her san\u0131\u011f\u0131n ne zaman savunma yapaca\u011f\u0131 mahkeme taraf\u0131ndan belirlenir. San\u0131k Ekrem \u0130mamo\u011flu da mahkemenin belirledi\u011fi g\u00fcn savunmas\u0131n\u0131 yapacakt\u0131r\u201d dedi. Avukatlar\u0131n ise usule ili\u015fkin konularda s\u00f6z isteyebilece\u011fini belirten G\u00fcrlek, mahkeme salonlar\u0131nda selamlama konu\u015fmalar\u0131 yap\u0131lmas\u0131n\u0131n do\u011fru olmad\u0131\u011f\u0131n\u0131 vurgulad\u0131.<\/p>\n<p>YARGI DOSYADAK\u0130 DEL\u0130LLERE G\u00d6RE KARAR VER\u0130R<\/p>\n<p>Mahkemelerin hi\u00e7bir siyasi s\u00f6ylemden etkilenmeyece\u011fini dile getiren G\u00fcrlek, kararlar\u0131n yaln\u0131zca dosyadaki deliller do\u011frultusunda verildi\u011fini belirtti. G\u00fcrlek, \u201cMahkemeler T\u00fcrk milleti ad\u0131na yarg\u0131lama yapar. Yarg\u0131lama s\u00fcrecinde kimse mahkemelere telkin, talimat ya da emir veremez. Mahkemeler dosyadaki maddi delillere ve vicdani kanaate g\u00f6re karar verir\u201d ifadelerini kulland\u0131. A\u011f\u0131r ceza mahkemesi ba\u015fkanl\u0131\u011f\u0131 yapt\u0131\u011f\u0131n\u0131 da hat\u0131rlatan G\u00fcrlek, yarg\u0131 mensuplar\u0131n\u0131n bask\u0131dan etkilenmeyece\u011fini belirterek mahkeme salonlar\u0131n\u0131n y\u0131prat\u0131lmamas\u0131 gerekti\u011fini s\u00f6yledi.<\/p>\n<p>\u00a0<\/p>\n<p>Adalet Bakan\u0131 Ak\u0131n G\u00fcrlek, T\u00fcrkiye B\u00fcy\u00fck Millet Meclisi\u2019nde AK Parti Grup Toplant\u0131s\u0131 \u00f6ncesi bas\u0131n mensuplar\u0131n\u0131n sorular\u0131n\u0131 yan\u0131tlad\u0131. Ekrem \u0130mamo\u011flu\u2019nun yarg\u0131land\u0131\u011f\u0131 davaya ili\u015fkin konu\u015fan G\u00fcrlek, mahkeme salonlar\u0131n\u0131n siyaset ya da \u015fov alan\u0131 olmad\u0131\u011f\u0131n\u0131 vurgulayarak, yarg\u0131laman\u0131n yaln\u0131zca hukuk kurallar\u0131 \u00e7er\u00e7evesinde y\u00fcr\u00fct\u00fcld\u00fc\u011f\u00fcn\u00fc s\u00f6yledi. G\u00fcrlek ayr\u0131ca davalar\u0131n canl\u0131 yay\u0131nlanabilmesi i\u00e7in mevcut mevzuatta de\u011fi\u015fiklik yap\u0131lmas\u0131 gerekti\u011fini belirtti.\u00a0<a href=\"https:\/\/www.son.tv\/bakan-gurlekten-onemli-aciklamalar-mahkemeler-sov-alani-degildir-canli-yayin-icin-kanuni-degisiklik-gerekiyor\/\" target=\"_blank\" class=\"feedzy-rss-link-icon\">Read More<\/a><\/p>","protected":false},"excerpt":{"rendered":"<p>Adalet Bakan\u0131 Ak\u0131n G\u00fcrlek, TBMM\u2019de AK Parti Grup Toplant\u0131s\u0131 \u00f6ncesinde gazetecilerin sorular\u0131n\u0131 yan\u0131tlad\u0131. CANLI YAYIN \u0130\u00c7\u0130N KANUN DE\u011e\u0130\u015e\u0130KL\u0130\u011e\u0130 GEREK\u0130YOR MHP Genel Ba\u015fkan\u0131 Devlet Bah\u00e7eli\u2019nin, \u0130stanbul B\u00fcy\u00fck\u015fehir Belediyesi\u2019ne y\u00f6nelik davan\u0131n TRT\u2019den canl\u0131 yay\u0131nlanmas\u0131 y\u00f6n\u00fcndeki \u00e7a\u011fr\u0131s\u0131na ili\u015fkin soruya yan\u0131t veren G\u00fcrlek, mevcut mevzuat\u0131n buna izin vermedi\u011fini s\u00f6yleyerek \u201cCanl\u0131 yay\u0131n yap\u0131labilmesi i\u00e7in kanun de\u011fi\u015fikli\u011fi gerekiyor. \u015eu anki mevzuat\u0131m\u0131zda [&hellip;]<\/p>\n","protected":false},"author":1,"featured_media":0,"comment_status":"open","ping_status":"open","sticky":false,"template":"","format":"standard","meta":{"footnotes":"","_links_to":"","_links_to_target":""},"categories":[1],"tags":[],"class_list":["post-22837","post","type-post","status-publish","format-standard","hentry","category-haberler"],"_links":{"self":[{"href":"https:\/\/www.abchukuk.com\/index.php\/wp-json\/wp\/v2\/posts\/22837","targetHints":{"allow":["GET"]}}],"collection":[{"href":"https:\/\/www.abchukuk.com\/index.php\/wp-json\/wp\/v2\/posts"}],"about":[{"href":"https:\/\/www.abchukuk.com\/index.php\/wp-json\/wp\/v2\/types\/post"}],"author":[{"embeddable":true,"href":"https:\/\/www.abchukuk.com\/index.php\/wp-json\/wp\/v2\/users\/1"}],"replies":[{"embeddable":true,"href":"https:\/\/www.abchukuk.com\/index.php\/wp-json\/wp\/v2\/comments?post=22837"}],"version-history":[{"count":0,"href":"https:\/\/www.abchukuk.com\/index.php\/wp-json\/wp\/v2\/posts\/22837\/revisions"}],"wp:attachment":[{"href":"https:\/\/www.abchukuk.com\/index.php\/wp-json\/wp\/v2\/media?parent=22837"}],"wp:term":[{"taxonomy":"category","embeddable":true,"href":"https:\/\/www.abchukuk.com\/index.php\/wp-json\/wp\/v2\/categories?post=22837"},{"taxonomy":"post_tag","embeddable":true,"href":"https:\/\/www.abchukuk.com\/index.php\/wp-json\/wp\/v2\/tags?post=22837"}],"curies":[{"name":"wp","href":"https:\/\/api.w.org\/{rel}","templated":true}]}}