{"id":22835,"date":"2026-03-11T06:22:00","date_gmt":"2026-03-11T06:22:00","guid":{"rendered":"https:\/\/www.abchukuk.com\/index.php\/2026\/03\/11\/mersin-buyuksehir-belediyesine-operasyon-ozel-kalem-muduru-dogukan-uyan-gozaltinda\/"},"modified":"2026-03-11T06:22:00","modified_gmt":"2026-03-11T06:22:00","slug":"mersin-buyuksehir-belediyesine-operasyon-ozel-kalem-muduru-dogukan-uyan-gozaltinda","status":"publish","type":"post","link":"https:\/\/www.abchukuk.com\/index.php\/2026\/03\/11\/mersin-buyuksehir-belediyesine-operasyon-ozel-kalem-muduru-dogukan-uyan-gozaltinda\/","title":{"rendered":"Mersin B\u00fcy\u00fck\u015fehir Belediyesi&#8217;ne Operasyon: \u00d6zel Kalem M\u00fcd\u00fcr\u00fc Do\u011fukan Uyan G\u00f6zalt\u0131nda"},"content":{"rendered":"<p><a href=\"https:\/\/www.gercekgundem.com\/guncel\/mersin-buyuksehir-belediyesine-operasyon-567914\"><br \/>\n                                                            <img decoding=\"async\" src=\"https:\/\/i.gercekgundem.com\/2\/150\/84\/storage\/files\/images\/2026\/03\/11\/mersin-buyuksehir-belediyesine-operasyon-iqtk.jpg\" width=\"150\" height=\"84\" border=\"0\" align=\"right\" \/><br \/>\n                                                    <\/a><\/p>\n<h4>Mersin B\u00fcy\u00fck\u015fehir Belediyesi&#8217;nde ihaleye fesat kar\u0131\u015ft\u0131rma ve r\u00fc\u015fvet su\u00e7lar\u0131na kar\u0131\u015ft\u0131\u011f\u0131 iddia edilen baz\u0131 ki\u015filere y\u00f6nelik operasyon ba\u015flat\u0131ld\u0131. Operasyon kapsam\u0131nda belediye binas\u0131nda arama yap\u0131l\u0131rken, \u00e7ok say\u0131da g\u00f6zalt\u0131 karar\u0131 oldu\u011fu \u00f6\u011frenildi. Operasyon kapsam\u0131nda Mersin B\u00fcy\u00fck\u015fehir Belediyesi \u00d6zel Kalem M\u00fcd\u00fcr\u00fc Do\u011fukan Uyan g\u00f6zalt\u0131na al\u0131nd\u0131.<\/h4>\n<p>Mersin B\u00fcy\u00fck\u015fehir Belediyesi&#8217;nde ihaleye fesat kar\u0131\u015ft\u0131rma ve r\u00fc\u015fvet su\u00e7lar\u0131na kar\u0131\u015ft\u0131\u011f\u0131 iddia edilen baz\u0131 ki\u015filere y\u00f6nelik operasyon ba\u015flat\u0131ld\u0131. Operasyon kapsam\u0131nda belediye binas\u0131nda arama yap\u0131l\u0131rken, \u00e7ok say\u0131da g\u00f6zalt\u0131 karar\u0131 oldu\u011fu \u00f6\u011frenildi. Operasyon kapsam\u0131nda Mersin B\u00fcy\u00fck\u015fehir Belediyesi \u00d6zel Kalem M\u00fcd\u00fcr\u00fc Do\u011fukan Uyan g\u00f6zalt\u0131na al\u0131nd\u0131.\u00a0<a href=\"https:\/\/www.gercekgundem.com\/guncel\/mersin-buyuksehir-belediyesine-operasyon-567914\" target=\"_blank\" class=\"feedzy-rss-link-icon\">Read More<\/a><\/p>","protected":false},"excerpt":{"rendered":"<p>Mersin B\u00fcy\u00fck\u015fehir Belediyesi&#8217;nde ihaleye fesat kar\u0131\u015ft\u0131rma ve r\u00fc\u015fvet su\u00e7lar\u0131na kar\u0131\u015ft\u0131\u011f\u0131 iddia edilen baz\u0131 ki\u015filere y\u00f6nelik operasyon ba\u015flat\u0131ld\u0131. Operasyon kapsam\u0131nda belediye binas\u0131nda arama yap\u0131l\u0131rken, \u00e7ok say\u0131da g\u00f6zalt\u0131 karar\u0131 oldu\u011fu \u00f6\u011frenildi. Operasyon kapsam\u0131nda Mersin B\u00fcy\u00fck\u015fehir Belediyesi \u00d6zel Kalem M\u00fcd\u00fcr\u00fc Do\u011fukan Uyan g\u00f6zalt\u0131na al\u0131nd\u0131. Mersin B\u00fcy\u00fck\u015fehir Belediyesi&#8217;nde ihaleye fesat kar\u0131\u015ft\u0131rma ve r\u00fc\u015fvet su\u00e7lar\u0131na kar\u0131\u015ft\u0131\u011f\u0131 iddia edilen baz\u0131 ki\u015filere [&hellip;]<\/p>\n","protected":false},"author":1,"featured_media":22836,"comment_status":"open","ping_status":"open","sticky":false,"template":"","format":"standard","meta":{"footnotes":"","_links_to":"","_links_to_target":""},"categories":[1],"tags":[],"class_list":["post-22835","post","type-post","status-publish","format-standard","has-post-thumbnail","hentry","category-haberler"],"_links":{"self":[{"href":"https:\/\/www.abchukuk.com\/index.php\/wp-json\/wp\/v2\/posts\/22835","targetHints":{"allow":["GET"]}}],"collection":[{"href":"https:\/\/www.abchukuk.com\/index.php\/wp-json\/wp\/v2\/posts"}],"about":[{"href":"https:\/\/www.abchukuk.com\/index.php\/wp-json\/wp\/v2\/types\/post"}],"author":[{"embeddable":true,"href":"https:\/\/www.abchukuk.com\/index.php\/wp-json\/wp\/v2\/users\/1"}],"replies":[{"embeddable":true,"href":"https:\/\/www.abchukuk.com\/index.php\/wp-json\/wp\/v2\/comments?post=22835"}],"version-history":[{"count":0,"href":"https:\/\/www.abchukuk.com\/index.php\/wp-json\/wp\/v2\/posts\/22835\/revisions"}],"wp:featuredmedia":[{"embeddable":true,"href":"https:\/\/www.abchukuk.com\/index.php\/wp-json\/wp\/v2\/media\/22836"}],"wp:attachment":[{"href":"https:\/\/www.abchukuk.com\/index.php\/wp-json\/wp\/v2\/media?parent=22835"}],"wp:term":[{"taxonomy":"category","embeddable":true,"href":"https:\/\/www.abchukuk.com\/index.php\/wp-json\/wp\/v2\/categories?post=22835"},{"taxonomy":"post_tag","embeddable":true,"href":"https:\/\/www.abchukuk.com\/index.php\/wp-json\/wp\/v2\/tags?post=22835"}],"curies":[{"name":"wp","href":"https:\/\/api.w.org\/{rel}","templated":true}]}}