{"id":22833,"date":"2026-03-11T06:22:00","date_gmt":"2026-03-11T06:22:00","guid":{"rendered":"https:\/\/www.abchukuk.com\/index.php\/2026\/03\/11\/cumhuriyet-silivriden-bildiriyor-ibb-davasinda-3uncu-gun-durusma-oncesi-yine-gerginlik\/"},"modified":"2026-03-11T06:22:00","modified_gmt":"2026-03-11T06:22:00","slug":"cumhuriyet-silivriden-bildiriyor-ibb-davasinda-3uncu-gun-durusma-oncesi-yine-gerginlik","status":"publish","type":"post","link":"https:\/\/www.abchukuk.com\/index.php\/2026\/03\/11\/cumhuriyet-silivriden-bildiriyor-ibb-davasinda-3uncu-gun-durusma-oncesi-yine-gerginlik\/","title":{"rendered":"Cumhuriyet Silivri&#8217;den bildiriyor&#8230; \u0130BB davas\u0131nda 3&#8217;\u00fcnc\u00fc g\u00fcn: Duru\u015fma \u00f6ncesi yine gerginlik!"},"content":{"rendered":"<p>CHP&#8217;nin Cumhurba\u015fkan\u0131 aday\u0131 ve \u0130stanbul B\u00fcy\u00fck\u015fehir Belediye (\u0130BB) Ba\u015fkan\u0131 Ekrem \u0130mamo\u011flu&#8217;nun da aras\u0131nda bulundu\u011fu 107\u2019si tutuklu, 5\u2019i m\u00fc\u015fteki san\u0131k toplam 407 ki\u015fi hakk\u0131ndaki dava \u00fc\u00e7\u00fcnc\u00fc g\u00fcn\u00fcnde devam ediyor.CHP&#8217;nin Cumhurba\u015fkan\u0131 aday\u0131 ve \u0130stanbul B\u00fcy\u00fck\u015fehir Belediye (\u0130BB) Ba\u015fkan\u0131 Ekrem \u0130mamo\u011flu&#8217;nun da aras\u0131nda bulundu\u011fu 107\u2019si tutuklu, 5\u2019i m\u00fc\u015fteki san\u0131k toplam 407 ki\u015fi hakk\u0131ndaki dava \u00fc\u00e7\u00fcnc\u00fc g\u00fcn\u00fcnde devam ediyor.\u00a0<a href=\"https:\/\/www.cumhuriyet.com.tr\/siyaset\/cumhuriyet-silivri-den-bildiriyor-ibb-davasinda-3-uncu-gun-durusma-oncesi-yine-gerginlik-2485784\" target=\"_blank\" class=\"feedzy-rss-link-icon\">Read More<\/a><\/p>","protected":false},"excerpt":{"rendered":"<p>CHP&#8217;nin Cumhurba\u015fkan\u0131 aday\u0131 ve \u0130stanbul B\u00fcy\u00fck\u015fehir Belediye (\u0130BB) Ba\u015fkan\u0131 Ekrem \u0130mamo\u011flu&#8217;nun da aras\u0131nda bulundu\u011fu 107\u2019si tutuklu, 5\u2019i m\u00fc\u015fteki san\u0131k toplam 407 ki\u015fi hakk\u0131ndaki dava \u00fc\u00e7\u00fcnc\u00fc g\u00fcn\u00fcnde devam ediyor.CHP&#8217;nin Cumhurba\u015fkan\u0131 aday\u0131 ve \u0130stanbul B\u00fcy\u00fck\u015fehir Belediye (\u0130BB) Ba\u015fkan\u0131 Ekrem \u0130mamo\u011flu&#8217;nun da aras\u0131nda bulundu\u011fu 107\u2019si tutuklu, 5\u2019i m\u00fc\u015fteki san\u0131k toplam 407 ki\u015fi hakk\u0131ndaki dava \u00fc\u00e7\u00fcnc\u00fc g\u00fcn\u00fcnde devam ediyor.\u00a0Read [&hellip;]<\/p>\n","protected":false},"author":1,"featured_media":22834,"comment_status":"open","ping_status":"open","sticky":false,"template":"","format":"standard","meta":{"footnotes":"","_links_to":"","_links_to_target":""},"categories":[1],"tags":[],"class_list":["post-22833","post","type-post","status-publish","format-standard","has-post-thumbnail","hentry","category-haberler"],"_links":{"self":[{"href":"https:\/\/www.abchukuk.com\/index.php\/wp-json\/wp\/v2\/posts\/22833","targetHints":{"allow":["GET"]}}],"collection":[{"href":"https:\/\/www.abchukuk.com\/index.php\/wp-json\/wp\/v2\/posts"}],"about":[{"href":"https:\/\/www.abchukuk.com\/index.php\/wp-json\/wp\/v2\/types\/post"}],"author":[{"embeddable":true,"href":"https:\/\/www.abchukuk.com\/index.php\/wp-json\/wp\/v2\/users\/1"}],"replies":[{"embeddable":true,"href":"https:\/\/www.abchukuk.com\/index.php\/wp-json\/wp\/v2\/comments?post=22833"}],"version-history":[{"count":0,"href":"https:\/\/www.abchukuk.com\/index.php\/wp-json\/wp\/v2\/posts\/22833\/revisions"}],"wp:featuredmedia":[{"embeddable":true,"href":"https:\/\/www.abchukuk.com\/index.php\/wp-json\/wp\/v2\/media\/22834"}],"wp:attachment":[{"href":"https:\/\/www.abchukuk.com\/index.php\/wp-json\/wp\/v2\/media?parent=22833"}],"wp:term":[{"taxonomy":"category","embeddable":true,"href":"https:\/\/www.abchukuk.com\/index.php\/wp-json\/wp\/v2\/categories?post=22833"},{"taxonomy":"post_tag","embeddable":true,"href":"https:\/\/www.abchukuk.com\/index.php\/wp-json\/wp\/v2\/tags?post=22833"}],"curies":[{"name":"wp","href":"https:\/\/api.w.org\/{rel}","templated":true}]}}