{"id":22831,"date":"2026-03-11T06:24:00","date_gmt":"2026-03-11T06:24:00","guid":{"rendered":"https:\/\/www.abchukuk.com\/index.php\/2026\/03\/11\/mersin-buyuksehir-belediyesine-operasyon-gozaltilar-var\/"},"modified":"2026-03-11T06:24:00","modified_gmt":"2026-03-11T06:24:00","slug":"mersin-buyuksehir-belediyesine-operasyon-gozaltilar-var","status":"publish","type":"post","link":"https:\/\/www.abchukuk.com\/index.php\/2026\/03\/11\/mersin-buyuksehir-belediyesine-operasyon-gozaltilar-var\/","title":{"rendered":"Mersin B\u00fcy\u00fck\u015fehir Belediyesi&#8217;ne operasyon: G\u00f6zalt\u0131lar var"},"content":{"rendered":"<p>Mersin B\u00fcy\u00fck\u015fehir Belediyesi&#8217;ne ihaleye fesat kar\u0131\u015ft\u0131rma ve r\u00fc\u015fvet iddialar\u0131n\u0131n ard\u0131ndan ba\u015flat\u0131lan soru\u015fturma kapsam\u0131nda operasyon d\u00fczenlendi. \u00c7ok day\u0131da \u015f\u00fcpheli hakk\u0131nda ise g\u00f6zalt\u0131 karar\u0131 verildi\u011fi \u00f6\u011frenildi.Mersin B\u00fcy\u00fck\u015fehir Belediyesi&#8217;ne ihaleye fesat kar\u0131\u015ft\u0131rma ve r\u00fc\u015fvet iddialar\u0131n\u0131n ard\u0131ndan ba\u015flat\u0131lan soru\u015fturma kapsam\u0131nda operasyon d\u00fczenlendi. \u00c7ok day\u0131da \u015f\u00fcpheli hakk\u0131nda ise g\u00f6zalt\u0131 karar\u0131 verildi\u011fi \u00f6\u011frenildi.\u00a0<a href=\"https:\/\/www.dunya.com\/gundem\/mersin-buyuksehir-belediyesine-operasyon-gozaltilar-var-haberi-817849\" target=\"_blank\" class=\"feedzy-rss-link-icon\">Read More<\/a><\/p>","protected":false},"excerpt":{"rendered":"<p>Mersin B\u00fcy\u00fck\u015fehir Belediyesi&#8217;ne ihaleye fesat kar\u0131\u015ft\u0131rma ve r\u00fc\u015fvet iddialar\u0131n\u0131n ard\u0131ndan ba\u015flat\u0131lan soru\u015fturma kapsam\u0131nda operasyon d\u00fczenlendi. \u00c7ok day\u0131da \u015f\u00fcpheli hakk\u0131nda ise g\u00f6zalt\u0131 karar\u0131 verildi\u011fi \u00f6\u011frenildi.Mersin B\u00fcy\u00fck\u015fehir Belediyesi&#8217;ne ihaleye fesat kar\u0131\u015ft\u0131rma ve r\u00fc\u015fvet iddialar\u0131n\u0131n ard\u0131ndan ba\u015flat\u0131lan soru\u015fturma kapsam\u0131nda operasyon d\u00fczenlendi. \u00c7ok day\u0131da \u015f\u00fcpheli hakk\u0131nda ise g\u00f6zalt\u0131 karar\u0131 verildi\u011fi \u00f6\u011frenildi.\u00a0Read More<\/p>\n","protected":false},"author":1,"featured_media":22832,"comment_status":"open","ping_status":"open","sticky":false,"template":"","format":"standard","meta":{"footnotes":"","_links_to":"","_links_to_target":""},"categories":[1],"tags":[],"class_list":["post-22831","post","type-post","status-publish","format-standard","has-post-thumbnail","hentry","category-haberler"],"_links":{"self":[{"href":"https:\/\/www.abchukuk.com\/index.php\/wp-json\/wp\/v2\/posts\/22831","targetHints":{"allow":["GET"]}}],"collection":[{"href":"https:\/\/www.abchukuk.com\/index.php\/wp-json\/wp\/v2\/posts"}],"about":[{"href":"https:\/\/www.abchukuk.com\/index.php\/wp-json\/wp\/v2\/types\/post"}],"author":[{"embeddable":true,"href":"https:\/\/www.abchukuk.com\/index.php\/wp-json\/wp\/v2\/users\/1"}],"replies":[{"embeddable":true,"href":"https:\/\/www.abchukuk.com\/index.php\/wp-json\/wp\/v2\/comments?post=22831"}],"version-history":[{"count":0,"href":"https:\/\/www.abchukuk.com\/index.php\/wp-json\/wp\/v2\/posts\/22831\/revisions"}],"wp:featuredmedia":[{"embeddable":true,"href":"https:\/\/www.abchukuk.com\/index.php\/wp-json\/wp\/v2\/media\/22832"}],"wp:attachment":[{"href":"https:\/\/www.abchukuk.com\/index.php\/wp-json\/wp\/v2\/media?parent=22831"}],"wp:term":[{"taxonomy":"category","embeddable":true,"href":"https:\/\/www.abchukuk.com\/index.php\/wp-json\/wp\/v2\/categories?post=22831"},{"taxonomy":"post_tag","embeddable":true,"href":"https:\/\/www.abchukuk.com\/index.php\/wp-json\/wp\/v2\/tags?post=22831"}],"curies":[{"name":"wp","href":"https:\/\/api.w.org\/{rel}","templated":true}]}}