{"id":22829,"date":"2026-03-11T06:36:00","date_gmt":"2026-03-11T06:36:00","guid":{"rendered":"https:\/\/www.abchukuk.com\/index.php\/2026\/03\/11\/son-dakika-mersin-buyuksehir-belediyesine-operasyon-ozel-kalem-muduru-gozaltinda\/"},"modified":"2026-03-11T06:36:00","modified_gmt":"2026-03-11T06:36:00","slug":"son-dakika-mersin-buyuksehir-belediyesine-operasyon-ozel-kalem-muduru-gozaltinda","status":"publish","type":"post","link":"https:\/\/www.abchukuk.com\/index.php\/2026\/03\/11\/son-dakika-mersin-buyuksehir-belediyesine-operasyon-ozel-kalem-muduru-gozaltinda\/","title":{"rendered":"Son dakika&#8230; Mersin B\u00fcy\u00fck\u015fehir Belediyesi&#8217;ne operasyon: \u00d6zel Kalem M\u00fcd\u00fcr\u00fc g\u00f6zalt\u0131nda!"},"content":{"rendered":"<p>Son dakika haberi&#8230; Mersin B\u00fcy\u00fck\u015fehir Belediyesi\u2019ne y\u00f6nelik \u201cihalelerde usuls\u00fczl\u00fck ve r\u00fc\u015fvet\u201d iddialar\u0131 kapsam\u0131nda operasyon d\u00fczenlendi. Operasyon kapsam\u0131nda \u00d6zel Kalem M\u00fcd\u00fcr\u00fc Do\u011fukan Uyan g\u00f6zalt\u0131na al\u0131nd\u0131.Son dakika haberi&#8230; Mersin B\u00fcy\u00fck\u015fehir Belediyesi\u2019ne y\u00f6nelik \u201cihalelerde usuls\u00fczl\u00fck ve r\u00fc\u015fvet\u201d iddialar\u0131 kapsam\u0131nda operasyon d\u00fczenlendi. Operasyon kapsam\u0131nda \u00d6zel Kalem M\u00fcd\u00fcr\u00fc Do\u011fukan Uyan g\u00f6zalt\u0131na al\u0131nd\u0131.\u00a0<a href=\"https:\/\/www.cumhuriyet.com.tr\/siyaset\/son-dakika-mersin-buyuksehir-belediyesi-ne-operasyon-ozel-kalem-muduru-gozaltinda-2485793\" target=\"_blank\" class=\"feedzy-rss-link-icon\">Read More<\/a><\/p>","protected":false},"excerpt":{"rendered":"<p>Son dakika haberi&#8230; Mersin B\u00fcy\u00fck\u015fehir Belediyesi\u2019ne y\u00f6nelik \u201cihalelerde usuls\u00fczl\u00fck ve r\u00fc\u015fvet\u201d iddialar\u0131 kapsam\u0131nda operasyon d\u00fczenlendi. Operasyon kapsam\u0131nda \u00d6zel Kalem M\u00fcd\u00fcr\u00fc Do\u011fukan Uyan g\u00f6zalt\u0131na al\u0131nd\u0131.Son dakika haberi&#8230; Mersin B\u00fcy\u00fck\u015fehir Belediyesi\u2019ne y\u00f6nelik \u201cihalelerde usuls\u00fczl\u00fck ve r\u00fc\u015fvet\u201d iddialar\u0131 kapsam\u0131nda operasyon d\u00fczenlendi. Operasyon kapsam\u0131nda \u00d6zel Kalem M\u00fcd\u00fcr\u00fc Do\u011fukan Uyan g\u00f6zalt\u0131na al\u0131nd\u0131.\u00a0Read More<\/p>\n","protected":false},"author":1,"featured_media":22830,"comment_status":"open","ping_status":"open","sticky":false,"template":"","format":"standard","meta":{"footnotes":"","_links_to":"","_links_to_target":""},"categories":[1],"tags":[],"class_list":["post-22829","post","type-post","status-publish","format-standard","has-post-thumbnail","hentry","category-haberler"],"_links":{"self":[{"href":"https:\/\/www.abchukuk.com\/index.php\/wp-json\/wp\/v2\/posts\/22829","targetHints":{"allow":["GET"]}}],"collection":[{"href":"https:\/\/www.abchukuk.com\/index.php\/wp-json\/wp\/v2\/posts"}],"about":[{"href":"https:\/\/www.abchukuk.com\/index.php\/wp-json\/wp\/v2\/types\/post"}],"author":[{"embeddable":true,"href":"https:\/\/www.abchukuk.com\/index.php\/wp-json\/wp\/v2\/users\/1"}],"replies":[{"embeddable":true,"href":"https:\/\/www.abchukuk.com\/index.php\/wp-json\/wp\/v2\/comments?post=22829"}],"version-history":[{"count":0,"href":"https:\/\/www.abchukuk.com\/index.php\/wp-json\/wp\/v2\/posts\/22829\/revisions"}],"wp:featuredmedia":[{"embeddable":true,"href":"https:\/\/www.abchukuk.com\/index.php\/wp-json\/wp\/v2\/media\/22830"}],"wp:attachment":[{"href":"https:\/\/www.abchukuk.com\/index.php\/wp-json\/wp\/v2\/media?parent=22829"}],"wp:term":[{"taxonomy":"category","embeddable":true,"href":"https:\/\/www.abchukuk.com\/index.php\/wp-json\/wp\/v2\/categories?post=22829"},{"taxonomy":"post_tag","embeddable":true,"href":"https:\/\/www.abchukuk.com\/index.php\/wp-json\/wp\/v2\/tags?post=22829"}],"curies":[{"name":"wp","href":"https:\/\/api.w.org\/{rel}","templated":true}]}}