{"id":22825,"date":"2026-03-11T05:06:00","date_gmt":"2026-03-11T05:06:00","guid":{"rendered":"https:\/\/www.abchukuk.com\/index.php\/2026\/03\/11\/hkp-genel-baskani-nurullah-efe-ankut-gece-yarisi-gozaltina-alindi\/"},"modified":"2026-03-11T05:06:00","modified_gmt":"2026-03-11T05:06:00","slug":"hkp-genel-baskani-nurullah-efe-ankut-gece-yarisi-gozaltina-alindi","status":"publish","type":"post","link":"https:\/\/www.abchukuk.com\/index.php\/2026\/03\/11\/hkp-genel-baskani-nurullah-efe-ankut-gece-yarisi-gozaltina-alindi\/","title":{"rendered":"HKP Genel Ba\u015fkan\u0131 Nurullah Efe Ankut gece yar\u0131s\u0131 g\u00f6zalt\u0131na al\u0131nd\u0131!"},"content":{"rendered":"<p>Halk\u0131n Kurtulu\u015f Partisi lideri Nurullah Efe Ankut, gece saatlerinde g\u00f6zalt\u0131na al\u0131nd\u0131\u011f\u0131n\u0131 a\u00e7\u0131klad\u0131. G\u00f6zalt\u0131na al\u0131nd\u0131\u011f\u0131 anlara ili\u015fkin sosyal medya hesab\u0131ndan video payla\u015fan Ankut, &#8220;Tayyip bizi gecenin ikisinde bir kez daha g\u00f6zalt\u0131na ald\u0131r\u0131yor. \u00d6yle anla\u015f\u0131l\u0131yor ki, bekledi\u011fimiz gibi, bizi zindan\u0131na atacak. Ama hi\u00e7 umutlanmas\u0131n, elimizden kurtuluruz diye&#8221; ifadelerini kulland\u0131.Halk\u0131n Kurtulu\u015f Partisi lideri Nurullah Efe Ankut, gece saatlerinde g\u00f6zalt\u0131na al\u0131nd\u0131\u011f\u0131n\u0131 a\u00e7\u0131klad\u0131. G\u00f6zalt\u0131na al\u0131nd\u0131\u011f\u0131 anlara ili\u015fkin sosyal medya hesab\u0131ndan video payla\u015fan Ankut, &#8220;Tayyip bizi gecenin ikisinde bir kez daha g\u00f6zalt\u0131na ald\u0131r\u0131yor. \u00d6yle anla\u015f\u0131l\u0131yor ki, bekledi\u011fimiz gibi, bizi zindan\u0131na atacak. Ama hi\u00e7 umutlanmas\u0131n, elimizden kurtuluruz diye&#8221; ifadelerini kulland\u0131.\u00a0<a href=\"https:\/\/www.cumhuriyet.com.tr\/turkiye\/hkp-genel-baskani-nurullah-efe-ankut-gece-yarisi-gozaltina-alindi-2485776\" target=\"_blank\" class=\"feedzy-rss-link-icon\">Read More<\/a><\/p>","protected":false},"excerpt":{"rendered":"<p>Halk\u0131n Kurtulu\u015f Partisi lideri Nurullah Efe Ankut, gece saatlerinde g\u00f6zalt\u0131na al\u0131nd\u0131\u011f\u0131n\u0131 a\u00e7\u0131klad\u0131. G\u00f6zalt\u0131na al\u0131nd\u0131\u011f\u0131 anlara ili\u015fkin sosyal medya hesab\u0131ndan video payla\u015fan Ankut, &#8220;Tayyip bizi gecenin ikisinde bir kez daha g\u00f6zalt\u0131na ald\u0131r\u0131yor. \u00d6yle anla\u015f\u0131l\u0131yor ki, bekledi\u011fimiz gibi, bizi zindan\u0131na atacak. Ama hi\u00e7 umutlanmas\u0131n, elimizden kurtuluruz diye&#8221; ifadelerini kulland\u0131.Halk\u0131n Kurtulu\u015f Partisi lideri Nurullah Efe Ankut, gece saatlerinde [&hellip;]<\/p>\n","protected":false},"author":1,"featured_media":22826,"comment_status":"open","ping_status":"open","sticky":false,"template":"","format":"standard","meta":{"footnotes":"","_links_to":"","_links_to_target":""},"categories":[1],"tags":[],"class_list":["post-22825","post","type-post","status-publish","format-standard","has-post-thumbnail","hentry","category-haberler"],"_links":{"self":[{"href":"https:\/\/www.abchukuk.com\/index.php\/wp-json\/wp\/v2\/posts\/22825","targetHints":{"allow":["GET"]}}],"collection":[{"href":"https:\/\/www.abchukuk.com\/index.php\/wp-json\/wp\/v2\/posts"}],"about":[{"href":"https:\/\/www.abchukuk.com\/index.php\/wp-json\/wp\/v2\/types\/post"}],"author":[{"embeddable":true,"href":"https:\/\/www.abchukuk.com\/index.php\/wp-json\/wp\/v2\/users\/1"}],"replies":[{"embeddable":true,"href":"https:\/\/www.abchukuk.com\/index.php\/wp-json\/wp\/v2\/comments?post=22825"}],"version-history":[{"count":0,"href":"https:\/\/www.abchukuk.com\/index.php\/wp-json\/wp\/v2\/posts\/22825\/revisions"}],"wp:featuredmedia":[{"embeddable":true,"href":"https:\/\/www.abchukuk.com\/index.php\/wp-json\/wp\/v2\/media\/22826"}],"wp:attachment":[{"href":"https:\/\/www.abchukuk.com\/index.php\/wp-json\/wp\/v2\/media?parent=22825"}],"wp:term":[{"taxonomy":"category","embeddable":true,"href":"https:\/\/www.abchukuk.com\/index.php\/wp-json\/wp\/v2\/categories?post=22825"},{"taxonomy":"post_tag","embeddable":true,"href":"https:\/\/www.abchukuk.com\/index.php\/wp-json\/wp\/v2\/tags?post=22825"}],"curies":[{"name":"wp","href":"https:\/\/api.w.org\/{rel}","templated":true}]}}