{"id":22823,"date":"2026-03-11T05:29:00","date_gmt":"2026-03-11T05:29:00","guid":{"rendered":"https:\/\/www.abchukuk.com\/index.php\/2026\/03\/11\/irfan-fidanin-aym-baskanvekilligine-secilmesine-iliskin-karar-resmi-gazetede-yayimlandi\/"},"modified":"2026-03-11T05:29:00","modified_gmt":"2026-03-11T05:29:00","slug":"irfan-fidanin-aym-baskanvekilligine-secilmesine-iliskin-karar-resmi-gazetede-yayimlandi","status":"publish","type":"post","link":"https:\/\/www.abchukuk.com\/index.php\/2026\/03\/11\/irfan-fidanin-aym-baskanvekilligine-secilmesine-iliskin-karar-resmi-gazetede-yayimlandi\/","title":{"rendered":"\u0130rfan Fidan&#8217;\u0131n AYM Ba\u015fkanvekilli\u011fine se\u00e7ilmesine ili\u015fkin karar Resmi Gazete&#8217;de yay\u0131mland\u0131!"},"content":{"rendered":"<p>Anayasa Mahkemesi Ba\u015fkanvekilli\u011fi&#8217;ne \u0130rfan Fidan&#8217;\u0131n se\u00e7ilmesine ili\u015fkin karar Resmi Gazete&#8217;de yay\u0131mland\u0131. Fidan; Gezi, Osman Kavala, 17-25 Aral\u0131k ve M\u0130T TIR&#8217;lar\u0131 dosyalar\u0131n\u0131n savc\u0131s\u0131 olarak biliniyor.Anayasa Mahkemesi Ba\u015fkanvekilli\u011fi&#8217;ne \u0130rfan Fidan&#8217;\u0131n se\u00e7ilmesine ili\u015fkin karar Resmi Gazete&#8217;de yay\u0131mland\u0131. Fidan; Gezi, Osman Kavala, 17-25 Aral\u0131k ve M\u0130T TIR&#8217;lar\u0131 dosyalar\u0131n\u0131n savc\u0131s\u0131 olarak biliniyor.\u00a0<a href=\"https:\/\/www.cumhuriyet.com.tr\/turkiye\/irfan-fidan-in-aym-baskanvekilligine-secilmesine-iliskin-karar-resmi-gazete-de-yayimlandi-2485777\" target=\"_blank\" class=\"feedzy-rss-link-icon\">Read More<\/a><\/p>","protected":false},"excerpt":{"rendered":"<p>Anayasa Mahkemesi Ba\u015fkanvekilli\u011fi&#8217;ne \u0130rfan Fidan&#8217;\u0131n se\u00e7ilmesine ili\u015fkin karar Resmi Gazete&#8217;de yay\u0131mland\u0131. Fidan; Gezi, Osman Kavala, 17-25 Aral\u0131k ve M\u0130T TIR&#8217;lar\u0131 dosyalar\u0131n\u0131n savc\u0131s\u0131 olarak biliniyor.Anayasa Mahkemesi Ba\u015fkanvekilli\u011fi&#8217;ne \u0130rfan Fidan&#8217;\u0131n se\u00e7ilmesine ili\u015fkin karar Resmi Gazete&#8217;de yay\u0131mland\u0131. Fidan; Gezi, Osman Kavala, 17-25 Aral\u0131k ve M\u0130T TIR&#8217;lar\u0131 dosyalar\u0131n\u0131n savc\u0131s\u0131 olarak biliniyor.\u00a0Read More<\/p>\n","protected":false},"author":1,"featured_media":22824,"comment_status":"open","ping_status":"open","sticky":false,"template":"","format":"standard","meta":{"footnotes":"","_links_to":"","_links_to_target":""},"categories":[1],"tags":[],"class_list":["post-22823","post","type-post","status-publish","format-standard","has-post-thumbnail","hentry","category-haberler"],"_links":{"self":[{"href":"https:\/\/www.abchukuk.com\/index.php\/wp-json\/wp\/v2\/posts\/22823","targetHints":{"allow":["GET"]}}],"collection":[{"href":"https:\/\/www.abchukuk.com\/index.php\/wp-json\/wp\/v2\/posts"}],"about":[{"href":"https:\/\/www.abchukuk.com\/index.php\/wp-json\/wp\/v2\/types\/post"}],"author":[{"embeddable":true,"href":"https:\/\/www.abchukuk.com\/index.php\/wp-json\/wp\/v2\/users\/1"}],"replies":[{"embeddable":true,"href":"https:\/\/www.abchukuk.com\/index.php\/wp-json\/wp\/v2\/comments?post=22823"}],"version-history":[{"count":0,"href":"https:\/\/www.abchukuk.com\/index.php\/wp-json\/wp\/v2\/posts\/22823\/revisions"}],"wp:featuredmedia":[{"embeddable":true,"href":"https:\/\/www.abchukuk.com\/index.php\/wp-json\/wp\/v2\/media\/22824"}],"wp:attachment":[{"href":"https:\/\/www.abchukuk.com\/index.php\/wp-json\/wp\/v2\/media?parent=22823"}],"wp:term":[{"taxonomy":"category","embeddable":true,"href":"https:\/\/www.abchukuk.com\/index.php\/wp-json\/wp\/v2\/categories?post=22823"},{"taxonomy":"post_tag","embeddable":true,"href":"https:\/\/www.abchukuk.com\/index.php\/wp-json\/wp\/v2\/tags?post=22823"}],"curies":[{"name":"wp","href":"https:\/\/api.w.org\/{rel}","templated":true}]}}