{"id":22817,"date":"2026-03-10T20:58:19","date_gmt":"2026-03-10T20:58:19","guid":{"rendered":"https:\/\/www.abchukuk.com\/index.php\/2026\/03\/10\/12-yargi-paketi-maddeleri\/"},"modified":"2026-03-10T20:58:19","modified_gmt":"2026-03-10T20:58:19","slug":"12-yargi-paketi-maddeleri","status":"publish","type":"post","link":"https:\/\/www.abchukuk.com\/index.php\/2026\/03\/10\/12-yargi-paketi-maddeleri\/","title":{"rendered":"12. Yarg\u0131 Paketi maddeleri"},"content":{"rendered":"<p>Adalet Bakan\u0131 Ak\u0131n G\u00fcrlek, 12. Yarg\u0131 Paketi\u2019ne ili\u015fkin dikkat \u00e7eken a\u00e7\u0131klamalarda bulundu. 11. Yarg\u0131 Paketi\u2019nin 25 Aral\u0131k\u2019ta y\u00fcr\u00fcrl\u00fc\u011fe girdi\u011fini hat\u0131rlatan G\u00fcrlek, 12. Yarg\u0131 Paketi\u2019nin ise eksiklikler nedeniyle geri \u00e7ekildi\u011fini belirtti. Geli\u015fmelerin ard\u0131ndan kamuoyunda \u201c12. Yarg\u0131 Paketi Meclis\u2019e geldi mi, i\u00e7eri\u011finde af var m\u0131?\u201d sorular\u0131 yeniden g\u00fcndeme geldi. \u0130\u015fte 12. Yarg\u0131 Paketi son dakika geli\u015fmeleri&#8230;Adalet Bakan\u0131 Ak\u0131n G\u00fcrlek, 12. Yarg\u0131 Paketi\u2019ne ili\u015fkin dikkat \u00e7eken a\u00e7\u0131klamalarda bulundu. 11. Yarg\u0131 Paketi\u2019nin 25 Aral\u0131k\u2019ta y\u00fcr\u00fcrl\u00fc\u011fe girdi\u011fini hat\u0131rlatan G\u00fcrlek, 12. Yarg\u0131 Paketi\u2019nin ise eksiklikler nedeniyle geri \u00e7ekildi\u011fini belirtti. Geli\u015fmelerin ard\u0131ndan kamuoyunda \u201c12. Yarg\u0131 Paketi Meclis\u2019e geldi mi, i\u00e7eri\u011finde af var m\u0131?\u201d sorular\u0131 yeniden g\u00fcndeme geldi. \u0130\u015fte 12. Yarg\u0131 Paketi son dakika geli\u015fmeleri&#8230;\u00a0<a href=\"https:\/\/www.haberturk.com\/12-yargi-paketi-maddeleri-ve-icerigi-12-yargi-paketi-meclis-e-geldi-mi-ne-zaman-cikacak-12-yargi-paketi-af-var-mi-3868640\" target=\"_blank\" class=\"feedzy-rss-link-icon\">Read More<\/a><\/p>","protected":false},"excerpt":{"rendered":"<p>Adalet Bakan\u0131 Ak\u0131n G\u00fcrlek, 12. Yarg\u0131 Paketi\u2019ne ili\u015fkin dikkat \u00e7eken a\u00e7\u0131klamalarda bulundu. 11. Yarg\u0131 Paketi\u2019nin 25 Aral\u0131k\u2019ta y\u00fcr\u00fcrl\u00fc\u011fe girdi\u011fini hat\u0131rlatan G\u00fcrlek, 12. Yarg\u0131 Paketi\u2019nin ise eksiklikler nedeniyle geri \u00e7ekildi\u011fini belirtti. Geli\u015fmelerin ard\u0131ndan kamuoyunda \u201c12. Yarg\u0131 Paketi Meclis\u2019e geldi mi, i\u00e7eri\u011finde af var m\u0131?\u201d sorular\u0131 yeniden g\u00fcndeme geldi. \u0130\u015fte 12. Yarg\u0131 Paketi son dakika geli\u015fmeleri&#8230;Adalet Bakan\u0131 [&hellip;]<\/p>\n","protected":false},"author":1,"featured_media":0,"comment_status":"open","ping_status":"open","sticky":false,"template":"","format":"standard","meta":{"footnotes":"","_links_to":"","_links_to_target":""},"categories":[1],"tags":[],"class_list":["post-22817","post","type-post","status-publish","format-standard","hentry","category-haberler"],"_links":{"self":[{"href":"https:\/\/www.abchukuk.com\/index.php\/wp-json\/wp\/v2\/posts\/22817","targetHints":{"allow":["GET"]}}],"collection":[{"href":"https:\/\/www.abchukuk.com\/index.php\/wp-json\/wp\/v2\/posts"}],"about":[{"href":"https:\/\/www.abchukuk.com\/index.php\/wp-json\/wp\/v2\/types\/post"}],"author":[{"embeddable":true,"href":"https:\/\/www.abchukuk.com\/index.php\/wp-json\/wp\/v2\/users\/1"}],"replies":[{"embeddable":true,"href":"https:\/\/www.abchukuk.com\/index.php\/wp-json\/wp\/v2\/comments?post=22817"}],"version-history":[{"count":0,"href":"https:\/\/www.abchukuk.com\/index.php\/wp-json\/wp\/v2\/posts\/22817\/revisions"}],"wp:attachment":[{"href":"https:\/\/www.abchukuk.com\/index.php\/wp-json\/wp\/v2\/media?parent=22817"}],"wp:term":[{"taxonomy":"category","embeddable":true,"href":"https:\/\/www.abchukuk.com\/index.php\/wp-json\/wp\/v2\/categories?post=22817"},{"taxonomy":"post_tag","embeddable":true,"href":"https:\/\/www.abchukuk.com\/index.php\/wp-json\/wp\/v2\/tags?post=22817"}],"curies":[{"name":"wp","href":"https:\/\/api.w.org\/{rel}","templated":true}]}}