{"id":22816,"date":"2026-03-10T21:25:26","date_gmt":"2026-03-10T21:25:26","guid":{"rendered":"https:\/\/www.abchukuk.com\/index.php\/2026\/03\/10\/aym-baskanvekilligine-irfan-fidanin-secilmesi-resmi-gazetede\/"},"modified":"2026-03-10T21:25:26","modified_gmt":"2026-03-10T21:25:26","slug":"aym-baskanvekilligine-irfan-fidanin-secilmesi-resmi-gazetede","status":"publish","type":"post","link":"https:\/\/www.abchukuk.com\/index.php\/2026\/03\/10\/aym-baskanvekilligine-irfan-fidanin-secilmesi-resmi-gazetede\/","title":{"rendered":"AYM Ba\u015fkanvekilli\u011fine \u0130rfan Fidan&#8217;\u0131n se\u00e7ilmesi Resmi Gazete&#8217;de"},"content":{"rendered":"<p>Anayasa Mahkemesi (AYM) Ba\u015fkanvekilli\u011fine \u0130rfan Fidan&#8217;\u0131n se\u00e7ilmesine ili\u015fkin karar Resmi Gazete&#8217;de yay\u0131mland\u0131Anayasa Mahkemesi (AYM) Ba\u015fkanvekilli\u011fine \u0130rfan Fidan&#8217;\u0131n se\u00e7ilmesine ili\u015fkin karar Resmi Gazete&#8217;de yay\u0131mland\u0131\u00a0<a href=\"https:\/\/www.haberturk.com\/aym-baskanvekilligine-irfan-fidan-in-secilmesi-resmi-gazete-de-3868671\" target=\"_blank\" class=\"feedzy-rss-link-icon\">Read More<\/a><\/p>","protected":false},"excerpt":{"rendered":"<p>Anayasa Mahkemesi (AYM) Ba\u015fkanvekilli\u011fine \u0130rfan Fidan&#8217;\u0131n se\u00e7ilmesine ili\u015fkin karar Resmi Gazete&#8217;de yay\u0131mland\u0131Anayasa Mahkemesi (AYM) Ba\u015fkanvekilli\u011fine \u0130rfan Fidan&#8217;\u0131n se\u00e7ilmesine ili\u015fkin karar Resmi Gazete&#8217;de yay\u0131mland\u0131\u00a0Read More<\/p>\n","protected":false},"author":1,"featured_media":0,"comment_status":"open","ping_status":"open","sticky":false,"template":"","format":"standard","meta":{"footnotes":"","_links_to":"","_links_to_target":""},"categories":[1],"tags":[],"class_list":["post-22816","post","type-post","status-publish","format-standard","hentry","category-haberler"],"_links":{"self":[{"href":"https:\/\/www.abchukuk.com\/index.php\/wp-json\/wp\/v2\/posts\/22816","targetHints":{"allow":["GET"]}}],"collection":[{"href":"https:\/\/www.abchukuk.com\/index.php\/wp-json\/wp\/v2\/posts"}],"about":[{"href":"https:\/\/www.abchukuk.com\/index.php\/wp-json\/wp\/v2\/types\/post"}],"author":[{"embeddable":true,"href":"https:\/\/www.abchukuk.com\/index.php\/wp-json\/wp\/v2\/users\/1"}],"replies":[{"embeddable":true,"href":"https:\/\/www.abchukuk.com\/index.php\/wp-json\/wp\/v2\/comments?post=22816"}],"version-history":[{"count":0,"href":"https:\/\/www.abchukuk.com\/index.php\/wp-json\/wp\/v2\/posts\/22816\/revisions"}],"wp:attachment":[{"href":"https:\/\/www.abchukuk.com\/index.php\/wp-json\/wp\/v2\/media?parent=22816"}],"wp:term":[{"taxonomy":"category","embeddable":true,"href":"https:\/\/www.abchukuk.com\/index.php\/wp-json\/wp\/v2\/categories?post=22816"},{"taxonomy":"post_tag","embeddable":true,"href":"https:\/\/www.abchukuk.com\/index.php\/wp-json\/wp\/v2\/tags?post=22816"}],"curies":[{"name":"wp","href":"https:\/\/api.w.org\/{rel}","templated":true}]}}