{"id":22812,"date":"2026-03-11T01:00:00","date_gmt":"2026-03-11T01:00:00","guid":{"rendered":"https:\/\/www.abchukuk.com\/index.php\/2026\/03\/11\/mahkeme-iptal-etti-52-turbinli-res-projesi-genelgeyle-birlikte-dondu-36-bin-903-agaci-kesecek\/"},"modified":"2026-03-11T01:00:00","modified_gmt":"2026-03-11T01:00:00","slug":"mahkeme-iptal-etti-52-turbinli-res-projesi-genelgeyle-birlikte-dondu-36-bin-903-agaci-kesecek","status":"publish","type":"post","link":"https:\/\/www.abchukuk.com\/index.php\/2026\/03\/11\/mahkeme-iptal-etti-52-turbinli-res-projesi-genelgeyle-birlikte-dondu-36-bin-903-agaci-kesecek\/","title":{"rendered":"Mahkeme iptal etti, 52 t\u00fcrbinli RES projesi genelgeyle birlikte d\u00f6nd\u00fc: 36 bin 903 a\u011fac\u0131 kesecek"},"content":{"rendered":"<p>K\u0131rklareli\u2019nin Vize il\u00e7esinde 52 t\u00fcrbinlik r\u00fczgar enerji santral projesi, mahkemenin iptal karar\u0131na kar\u015f\u0131n 2009\/7 say\u0131l\u0131 genelge kullan\u0131larak yeniden \u00c7ED s\u00fcrecine sokuldu. Proje kapsam\u0131nda on binlerce a\u011fac\u0131n kesilmesi \u00f6ng\u00f6r\u00fcl\u00fcyor.K\u0131rklareli\u2019nin Vize il\u00e7esinde 52 t\u00fcrbinlik r\u00fczgar enerji santral projesi, mahkemenin iptal karar\u0131na kar\u015f\u0131n 2009\/7 say\u0131l\u0131 genelge kullan\u0131larak yeniden \u00c7ED s\u00fcrecine sokuldu. Proje kapsam\u0131nda on binlerce a\u011fac\u0131n kesilmesi \u00f6ng\u00f6r\u00fcl\u00fcyor.\u00a0<a href=\"https:\/\/www.cumhuriyet.com.tr\/cevre\/mahkeme-iptal-etti-52-turbinli-res-projesi-genelgeyle-birlikte-dondu-36-bin-903-agaci-kesecek-2485766\" target=\"_blank\" class=\"feedzy-rss-link-icon\">Read More<\/a><\/p>","protected":false},"excerpt":{"rendered":"<p>K\u0131rklareli\u2019nin Vize il\u00e7esinde 52 t\u00fcrbinlik r\u00fczgar enerji santral projesi, mahkemenin iptal karar\u0131na kar\u015f\u0131n 2009\/7 say\u0131l\u0131 genelge kullan\u0131larak yeniden \u00c7ED s\u00fcrecine sokuldu. Proje kapsam\u0131nda on binlerce a\u011fac\u0131n kesilmesi \u00f6ng\u00f6r\u00fcl\u00fcyor.K\u0131rklareli\u2019nin Vize il\u00e7esinde 52 t\u00fcrbinlik r\u00fczgar enerji santral projesi, mahkemenin iptal karar\u0131na kar\u015f\u0131n 2009\/7 say\u0131l\u0131 genelge kullan\u0131larak yeniden \u00c7ED s\u00fcrecine sokuldu. Proje kapsam\u0131nda on binlerce a\u011fac\u0131n kesilmesi \u00f6ng\u00f6r\u00fcl\u00fcyor.\u00a0Read [&hellip;]<\/p>\n","protected":false},"author":1,"featured_media":22813,"comment_status":"open","ping_status":"open","sticky":false,"template":"","format":"standard","meta":{"footnotes":"","_links_to":"","_links_to_target":""},"categories":[1],"tags":[],"class_list":["post-22812","post","type-post","status-publish","format-standard","has-post-thumbnail","hentry","category-haberler"],"_links":{"self":[{"href":"https:\/\/www.abchukuk.com\/index.php\/wp-json\/wp\/v2\/posts\/22812","targetHints":{"allow":["GET"]}}],"collection":[{"href":"https:\/\/www.abchukuk.com\/index.php\/wp-json\/wp\/v2\/posts"}],"about":[{"href":"https:\/\/www.abchukuk.com\/index.php\/wp-json\/wp\/v2\/types\/post"}],"author":[{"embeddable":true,"href":"https:\/\/www.abchukuk.com\/index.php\/wp-json\/wp\/v2\/users\/1"}],"replies":[{"embeddable":true,"href":"https:\/\/www.abchukuk.com\/index.php\/wp-json\/wp\/v2\/comments?post=22812"}],"version-history":[{"count":0,"href":"https:\/\/www.abchukuk.com\/index.php\/wp-json\/wp\/v2\/posts\/22812\/revisions"}],"wp:featuredmedia":[{"embeddable":true,"href":"https:\/\/www.abchukuk.com\/index.php\/wp-json\/wp\/v2\/media\/22813"}],"wp:attachment":[{"href":"https:\/\/www.abchukuk.com\/index.php\/wp-json\/wp\/v2\/media?parent=22812"}],"wp:term":[{"taxonomy":"category","embeddable":true,"href":"https:\/\/www.abchukuk.com\/index.php\/wp-json\/wp\/v2\/categories?post=22812"},{"taxonomy":"post_tag","embeddable":true,"href":"https:\/\/www.abchukuk.com\/index.php\/wp-json\/wp\/v2\/tags?post=22812"}],"curies":[{"name":"wp","href":"https:\/\/api.w.org\/{rel}","templated":true}]}}