{"id":22804,"date":"2026-03-10T20:07:05","date_gmt":"2026-03-10T20:07:05","guid":{"rendered":"https:\/\/www.abchukuk.com\/index.php\/2026\/03\/10\/adalet-bakani-akin-gurlek-caykur-rizespor-iftar-programina-katildi\/"},"modified":"2026-03-10T20:07:05","modified_gmt":"2026-03-10T20:07:05","slug":"adalet-bakani-akin-gurlek-caykur-rizespor-iftar-programina-katildi","status":"publish","type":"post","link":"https:\/\/www.abchukuk.com\/index.php\/2026\/03\/10\/adalet-bakani-akin-gurlek-caykur-rizespor-iftar-programina-katildi\/","title":{"rendered":"Adalet Bakan\u0131 Ak\u0131n G\u00fcrlek, \u00c7aykur Rizespor iftar program\u0131na kat\u0131ld\u0131"},"content":{"rendered":"<p class=\"p1\">Adalet Bakan\u0131 Ak\u0131n G\u00fcrlek, \u00c7aykur Rizespor kul\u00fcb\u00fc taraf\u0131ndan d\u00fczenlenen iftar program\u0131na kat\u0131ld\u0131. Bakan G\u00fcrlek, programda yapt\u0131\u011f\u0131 konu\u015fmada Ramazan ay\u0131n\u0131n huzur ve bereketinin \u00fclkeye ve hanelere yans\u0131mas\u0131n\u0131 temenni etti. Bakan G\u00fcrlek, birlik ve beraberlik mesaj\u0131 vererek \u201c\u00d6ncelikli olarak sizlerle bug\u00fcn bu anlaml\u0131 gecede bir araya geldi\u011fimden dolay\u0131 duymu\u015f oldu\u011fum memnuniyeti anlatmak istiyorum. Fahri Rizeliyim onu belirteyim. \u00c7ok fazla dostumuz oldu\u011fu i\u00e7in bug\u00fcn sizinle bir araya geldik.\u201d dedi.<\/p>\n<p><a href=\"https:\/\/www.son.tv\/wp-content\/uploads\/2026\/03\/422ec2dd-1c4d-484d-931a-5120b0327df0.jpeg\"><img fetchpriority=\"high\" decoding=\"async\" class=\"alignnone size-large wp-image-169097\" src=\"https:\/\/www.son.tv\/wp-content\/uploads\/2026\/03\/422ec2dd-1c4d-484d-931a-5120b0327df0-1024x683.jpeg\" alt=\"\" width=\"1024\" height=\"683\" \/><\/a><\/p>\n<p class=\"p1\"><span class=\"s2\">Rizeli vatanda\u015flarla bir araya gelen Adalet Bakan\u0131 Ak\u0131n G\u00fcrlek, Ramazan ay\u0131n\u0131n huzur ve bereket getirmesini diledi. Bakan G\u00fcrlek, \u201cRamazan Bayram\u0131\u2019n\u0131z\u0131 da in\u015fallah huzurla, sa\u011fl\u0131kla ge\u00e7irmenizi diliyorum.\u201d ifadelerini kulland\u0131.<\/span><\/p>\n<p><a href=\"https:\/\/www.son.tv\/wp-content\/uploads\/2026\/03\/14533fd3-2c9c-42bc-b139-b130845673ee.jpeg\"><img decoding=\"async\" class=\"alignnone size-large wp-image-169098\" src=\"https:\/\/www.son.tv\/wp-content\/uploads\/2026\/03\/14533fd3-2c9c-42bc-b139-b130845673ee-1024x682.jpeg\" alt=\"\" width=\"1024\" height=\"682\" \/><\/a><\/p>\n<p class=\"p1\"><span class=\"s2\">Programa Sa\u011fl\u0131k Bakan\u0131 Kemal Memi\u015fo\u011flu, AK Parti Genel Ba\u015fkan Yard\u0131mc\u0131s\u0131, Siyasi ve Hukuki \u0130\u015fleri Ba\u015fkan\u0131 Hayati Yaz\u0131c\u0131 ile spor ve k\u00fclt\u00fcr camias\u0131ndan \u00e7ok say\u0131da isim kat\u0131ld\u0131. Dayan\u0131\u015fma ve dostluk mesajlar\u0131n\u0131n \u00f6ne \u00e7\u0131kt\u0131\u011f\u0131 programda, \u00c7aykur Rizespor Kul\u00fcp Ba\u015fkan\u0131 \u0130brahim Turgut, Adalet Bakan\u0131 Ak\u0131n G\u00fcrlek\u2019e Rizespor formas\u0131 hediye etti.<\/span><\/p>\n<p><a href=\"https:\/\/www.son.tv\/wp-content\/uploads\/2026\/03\/8b4b296b-ee2c-41b8-95e2-512a83f00424.jpeg\"><img decoding=\"async\" class=\"alignnone size-large wp-image-169099\" src=\"https:\/\/www.son.tv\/wp-content\/uploads\/2026\/03\/8b4b296b-ee2c-41b8-95e2-512a83f00424-1024x683.jpeg\" alt=\"\" width=\"1024\" height=\"683\" \/><\/a><\/p>\n<p>\u00c7aykur Rizespor Kul\u00fcb\u00fc taraf\u0131ndan d\u00fczenlenen iftar program\u0131na kat\u0131lan Adalet Bakan\u0131 Ak\u0131n G\u00fcrlek, \u201cFahri Rizeliyim onu belirteyim. \u00c7ok fazla dostumuz oldu\u011fu i\u00e7in bug\u00fcn sizinle bir araya geldik.\u201d dedi.\u00a0<a href=\"https:\/\/www.son.tv\/adalet-bakani-akin-gurlek-caykur-rizespor-iftar-programina-katildi\/\" target=\"_blank\" class=\"feedzy-rss-link-icon\">Read More<\/a><\/p>","protected":false},"excerpt":{"rendered":"<p>Adalet Bakan\u0131 Ak\u0131n G\u00fcrlek, \u00c7aykur Rizespor kul\u00fcb\u00fc taraf\u0131ndan d\u00fczenlenen iftar program\u0131na kat\u0131ld\u0131. Bakan G\u00fcrlek, programda yapt\u0131\u011f\u0131 konu\u015fmada Ramazan ay\u0131n\u0131n huzur ve bereketinin \u00fclkeye ve hanelere yans\u0131mas\u0131n\u0131 temenni etti. Bakan G\u00fcrlek, birlik ve beraberlik mesaj\u0131 vererek \u201c\u00d6ncelikli olarak sizlerle bug\u00fcn bu anlaml\u0131 gecede bir araya geldi\u011fimden dolay\u0131 duymu\u015f oldu\u011fum memnuniyeti anlatmak istiyorum. Fahri Rizeliyim onu belirteyim. [&hellip;]<\/p>\n","protected":false},"author":1,"featured_media":22805,"comment_status":"open","ping_status":"open","sticky":false,"template":"","format":"standard","meta":{"footnotes":"","_links_to":"","_links_to_target":""},"categories":[1],"tags":[],"class_list":["post-22804","post","type-post","status-publish","format-standard","has-post-thumbnail","hentry","category-haberler"],"_links":{"self":[{"href":"https:\/\/www.abchukuk.com\/index.php\/wp-json\/wp\/v2\/posts\/22804","targetHints":{"allow":["GET"]}}],"collection":[{"href":"https:\/\/www.abchukuk.com\/index.php\/wp-json\/wp\/v2\/posts"}],"about":[{"href":"https:\/\/www.abchukuk.com\/index.php\/wp-json\/wp\/v2\/types\/post"}],"author":[{"embeddable":true,"href":"https:\/\/www.abchukuk.com\/index.php\/wp-json\/wp\/v2\/users\/1"}],"replies":[{"embeddable":true,"href":"https:\/\/www.abchukuk.com\/index.php\/wp-json\/wp\/v2\/comments?post=22804"}],"version-history":[{"count":0,"href":"https:\/\/www.abchukuk.com\/index.php\/wp-json\/wp\/v2\/posts\/22804\/revisions"}],"wp:featuredmedia":[{"embeddable":true,"href":"https:\/\/www.abchukuk.com\/index.php\/wp-json\/wp\/v2\/media\/22805"}],"wp:attachment":[{"href":"https:\/\/www.abchukuk.com\/index.php\/wp-json\/wp\/v2\/media?parent=22804"}],"wp:term":[{"taxonomy":"category","embeddable":true,"href":"https:\/\/www.abchukuk.com\/index.php\/wp-json\/wp\/v2\/categories?post=22804"},{"taxonomy":"post_tag","embeddable":true,"href":"https:\/\/www.abchukuk.com\/index.php\/wp-json\/wp\/v2\/tags?post=22804"}],"curies":[{"name":"wp","href":"https:\/\/api.w.org\/{rel}","templated":true}]}}