{"id":22800,"date":"2026-03-10T19:41:00","date_gmt":"2026-03-10T19:41:00","guid":{"rendered":"https:\/\/www.abchukuk.com\/index.php\/2026\/03\/10\/tutuklu-manavgat-belediye-baskani-niyazi-nefi-kara-hakkinda-31-yildan-69-yila-kadar-hapis-cezasi-talep-edildi\/"},"modified":"2026-03-10T19:41:00","modified_gmt":"2026-03-10T19:41:00","slug":"tutuklu-manavgat-belediye-baskani-niyazi-nefi-kara-hakkinda-31-yildan-69-yila-kadar-hapis-cezasi-talep-edildi","status":"publish","type":"post","link":"https:\/\/www.abchukuk.com\/index.php\/2026\/03\/10\/tutuklu-manavgat-belediye-baskani-niyazi-nefi-kara-hakkinda-31-yildan-69-yila-kadar-hapis-cezasi-talep-edildi\/","title":{"rendered":"Tutuklu Manavgat Belediye Ba\u015fkan\u0131 Niyazi Nefi Kara hakk\u0131nda 31 y\u0131ldan 69 y\u0131la kadar hapis cezas\u0131 talep edildi"},"content":{"rendered":"<p>Antalya&#8217;da Manavgat Belediyesi&#8217;ne y\u00f6nelik &#8216;yolsuzluk&#8217; ve &#8216;r\u00fc\u015fvet&#8217; soru\u015fturmas\u0131 kapsam\u0131nda belediye ba\u015fkanl\u0131\u011f\u0131 g\u00f6revinden uzakla\u015ft\u0131r\u0131lan Niyazi Nefi Kara&#8217;n\u0131n da aralar\u0131nda bulundu\u011fu 6&#8217;s\u0131 tutuklu 41 san\u0131k, bug\u00fcn g\u00f6r\u00fclmeye ba\u015flanan 3\u2019\u00fcnc\u00fc duru\u015fmada hakim kar\u015f\u0131s\u0131na \u00e7\u0131kt\u0131. Niyazi Nefi Kara, dosyaya giren ek iddianameye kar\u015f\u0131l\u0131k yapt\u0131\u011f\u0131 ilave savunmas\u0131nda, belediyenin temizlik i\u015fleriyle ilgili yap\u0131lan ihalede r\u00fc\u015fvet al\u0131nd\u0131\u011f\u0131 iddialar\u0131n\u0131 kabul etmedi.Antalya&#8217;da Manavgat Belediyesi&#8217;ne y\u00f6nelik &#8216;yolsuzluk&#8217; ve &#8216;r\u00fc\u015fvet&#8217; soru\u015fturmas\u0131 kapsam\u0131nda belediye ba\u015fkanl\u0131\u011f\u0131 g\u00f6revinden uzakla\u015ft\u0131r\u0131lan Niyazi Nefi Kara&#8217;n\u0131n da aralar\u0131nda bulundu\u011fu 6&#8217;s\u0131 tutuklu 41 san\u0131k, bug\u00fcn g\u00f6r\u00fclmeye ba\u015flanan 3\u2019\u00fcnc\u00fc duru\u015fmada hakim kar\u015f\u0131s\u0131na \u00e7\u0131kt\u0131. Niyazi Nefi Kara, dosyaya giren ek iddianameye kar\u015f\u0131l\u0131k yapt\u0131\u011f\u0131 ilave savunmas\u0131nda, belediyenin temizlik i\u015fleriyle ilgili yap\u0131lan ihalede r\u00fc\u015fvet al\u0131nd\u0131\u011f\u0131 iddialar\u0131n\u0131 kabul etmedi.\u00a0<a href=\"https:\/\/www.cumhuriyet.com.tr\/turkiye\/tutuklu-manavgat-belediye-baskani-niyazi-nefi-kara-hakkinda-31-yildan-69-yila-kadar-hapis-cezasi-talep-edildi-2485718\" target=\"_blank\" class=\"feedzy-rss-link-icon\">Read More<\/a><\/p>","protected":false},"excerpt":{"rendered":"<p>Antalya&#8217;da Manavgat Belediyesi&#8217;ne y\u00f6nelik &#8216;yolsuzluk&#8217; ve &#8216;r\u00fc\u015fvet&#8217; soru\u015fturmas\u0131 kapsam\u0131nda belediye ba\u015fkanl\u0131\u011f\u0131 g\u00f6revinden uzakla\u015ft\u0131r\u0131lan Niyazi Nefi Kara&#8217;n\u0131n da aralar\u0131nda bulundu\u011fu 6&#8217;s\u0131 tutuklu 41 san\u0131k, bug\u00fcn g\u00f6r\u00fclmeye ba\u015flanan 3\u2019\u00fcnc\u00fc duru\u015fmada hakim kar\u015f\u0131s\u0131na \u00e7\u0131kt\u0131. Niyazi Nefi Kara, dosyaya giren ek iddianameye kar\u015f\u0131l\u0131k yapt\u0131\u011f\u0131 ilave savunmas\u0131nda, belediyenin temizlik i\u015fleriyle ilgili yap\u0131lan ihalede r\u00fc\u015fvet al\u0131nd\u0131\u011f\u0131 iddialar\u0131n\u0131 kabul etmedi.Antalya&#8217;da Manavgat Belediyesi&#8217;ne [&hellip;]<\/p>\n","protected":false},"author":1,"featured_media":22801,"comment_status":"open","ping_status":"open","sticky":false,"template":"","format":"standard","meta":{"footnotes":"","_links_to":"","_links_to_target":""},"categories":[1],"tags":[],"class_list":["post-22800","post","type-post","status-publish","format-standard","has-post-thumbnail","hentry","category-haberler"],"_links":{"self":[{"href":"https:\/\/www.abchukuk.com\/index.php\/wp-json\/wp\/v2\/posts\/22800","targetHints":{"allow":["GET"]}}],"collection":[{"href":"https:\/\/www.abchukuk.com\/index.php\/wp-json\/wp\/v2\/posts"}],"about":[{"href":"https:\/\/www.abchukuk.com\/index.php\/wp-json\/wp\/v2\/types\/post"}],"author":[{"embeddable":true,"href":"https:\/\/www.abchukuk.com\/index.php\/wp-json\/wp\/v2\/users\/1"}],"replies":[{"embeddable":true,"href":"https:\/\/www.abchukuk.com\/index.php\/wp-json\/wp\/v2\/comments?post=22800"}],"version-history":[{"count":0,"href":"https:\/\/www.abchukuk.com\/index.php\/wp-json\/wp\/v2\/posts\/22800\/revisions"}],"wp:featuredmedia":[{"embeddable":true,"href":"https:\/\/www.abchukuk.com\/index.php\/wp-json\/wp\/v2\/media\/22801"}],"wp:attachment":[{"href":"https:\/\/www.abchukuk.com\/index.php\/wp-json\/wp\/v2\/media?parent=22800"}],"wp:term":[{"taxonomy":"category","embeddable":true,"href":"https:\/\/www.abchukuk.com\/index.php\/wp-json\/wp\/v2\/categories?post=22800"},{"taxonomy":"post_tag","embeddable":true,"href":"https:\/\/www.abchukuk.com\/index.php\/wp-json\/wp\/v2\/tags?post=22800"}],"curies":[{"name":"wp","href":"https:\/\/api.w.org\/{rel}","templated":true}]}}