{"id":22796,"date":"2026-03-10T06:43:00","date_gmt":"2026-03-10T06:43:00","guid":{"rendered":"https:\/\/www.abchukuk.com\/index.php\/2026\/03\/10\/imamoglu-cikar-amacli-suc-orgutu-davasinin-ikinci-gununde-gerginlik-imamoglu-ilk-kez-soz-aldi-durusma-yarina-ertelendi\/"},"modified":"2026-03-10T06:43:00","modified_gmt":"2026-03-10T06:43:00","slug":"imamoglu-cikar-amacli-suc-orgutu-davasinin-ikinci-gununde-gerginlik-imamoglu-ilk-kez-soz-aldi-durusma-yarina-ertelendi","status":"publish","type":"post","link":"https:\/\/www.abchukuk.com\/index.php\/2026\/03\/10\/imamoglu-cikar-amacli-suc-orgutu-davasinin-ikinci-gununde-gerginlik-imamoglu-ilk-kez-soz-aldi-durusma-yarina-ertelendi\/","title":{"rendered":"&#8216;\u0130mamo\u011flu \u00c7\u0131kar Ama\u00e7l\u0131 Su\u00e7 \u00d6rg\u00fct\u00fc&#8217; Davas\u0131n\u0131n \u0130kinci G\u00fcn\u00fcnde Gerginlik: \u0130mamo\u011flu \u0130lk Kez S\u00f6z Ald\u0131, Duru\u015fma Yar\u0131na Ertelendi"},"content":{"rendered":"<p><a href=\"https:\/\/www.gercekgundem.com\/siyaset\/imamoglu-cikar-amacli-suc-orgutu-davasinda-ikinci-gun-imamoglu-ilk-kez-soz-aldi-567870\"><br \/>\n                                                            <img decoding=\"async\" src=\"https:\/\/i.gercekgundem.com\/2\/150\/84\/storage\/files\/images\/2026\/03\/10\/imamoglu-cikar-amacli-suc-orgutu-davasinda-ikinci-gun-kimlik-tespiti-yapilacak-odn8.jpg\" width=\"150\" height=\"84\" border=\"0\" align=\"right\" \/><br \/>\n                                                    <\/a><\/p>\n<h4>\u0130BB&#8217;ye y\u00f6nelik \u2018Yolsuzluk\u2019 davas\u0131nda aralar\u0131nda Ekrem \u0130mamo\u011flu\u2019nun da bulundu\u011fu 105&#8217;i tutuklu 402 san\u0131k, ikinci kez Silivri\u2019de hakim kar\u015f\u0131s\u0131na \u00e7\u0131kacak. Duru\u015fma 11.05 s\u0131ralar\u0131nda kimlik tespitiyle ba\u015flad\u0131. Mahkeme ba\u015fkan\u0131 ve \u0130mamo\u011flu aras\u0131nda tart\u0131\u015fma ya\u015fand\u0131. Duru\u015fma yar\u0131n saat 10.00&#8217;a ertelendi.<\/h4>\n<p>\u0130BB&#8217;ye y\u00f6nelik \u2018Yolsuzluk\u2019 davas\u0131nda aralar\u0131nda Ekrem \u0130mamo\u011flu\u2019nun da bulundu\u011fu 105&#8217;i tutuklu 402 san\u0131k, ikinci kez Silivri\u2019de hakim kar\u015f\u0131s\u0131na \u00e7\u0131kacak. Duru\u015fma 11.05 s\u0131ralar\u0131nda kimlik tespitiyle ba\u015flad\u0131. Mahkeme ba\u015fkan\u0131 ve \u0130mamo\u011flu aras\u0131nda tart\u0131\u015fma ya\u015fand\u0131. Duru\u015fma yar\u0131n saat 10.00&#8217;a ertelendi.\u00a0<a href=\"https:\/\/www.gercekgundem.com\/siyaset\/imamoglu-cikar-amacli-suc-orgutu-davasinda-ikinci-gun-imamoglu-ilk-kez-soz-aldi-567870\" target=\"_blank\" class=\"feedzy-rss-link-icon\">Read More<\/a><\/p>","protected":false},"excerpt":{"rendered":"<p>\u0130BB&#8217;ye y\u00f6nelik \u2018Yolsuzluk\u2019 davas\u0131nda aralar\u0131nda Ekrem \u0130mamo\u011flu\u2019nun da bulundu\u011fu 105&#8217;i tutuklu 402 san\u0131k, ikinci kez Silivri\u2019de hakim kar\u015f\u0131s\u0131na \u00e7\u0131kacak. Duru\u015fma 11.05 s\u0131ralar\u0131nda kimlik tespitiyle ba\u015flad\u0131. Mahkeme ba\u015fkan\u0131 ve \u0130mamo\u011flu aras\u0131nda tart\u0131\u015fma ya\u015fand\u0131. Duru\u015fma yar\u0131n saat 10.00&#8217;a ertelendi. \u0130BB&#8217;ye y\u00f6nelik \u2018Yolsuzluk\u2019 davas\u0131nda aralar\u0131nda Ekrem \u0130mamo\u011flu\u2019nun da bulundu\u011fu 105&#8217;i tutuklu 402 san\u0131k, ikinci kez Silivri\u2019de hakim kar\u015f\u0131s\u0131na [&hellip;]<\/p>\n","protected":false},"author":1,"featured_media":22797,"comment_status":"open","ping_status":"open","sticky":false,"template":"","format":"standard","meta":{"footnotes":"","_links_to":"","_links_to_target":""},"categories":[1],"tags":[],"class_list":["post-22796","post","type-post","status-publish","format-standard","has-post-thumbnail","hentry","category-haberler"],"_links":{"self":[{"href":"https:\/\/www.abchukuk.com\/index.php\/wp-json\/wp\/v2\/posts\/22796","targetHints":{"allow":["GET"]}}],"collection":[{"href":"https:\/\/www.abchukuk.com\/index.php\/wp-json\/wp\/v2\/posts"}],"about":[{"href":"https:\/\/www.abchukuk.com\/index.php\/wp-json\/wp\/v2\/types\/post"}],"author":[{"embeddable":true,"href":"https:\/\/www.abchukuk.com\/index.php\/wp-json\/wp\/v2\/users\/1"}],"replies":[{"embeddable":true,"href":"https:\/\/www.abchukuk.com\/index.php\/wp-json\/wp\/v2\/comments?post=22796"}],"version-history":[{"count":0,"href":"https:\/\/www.abchukuk.com\/index.php\/wp-json\/wp\/v2\/posts\/22796\/revisions"}],"wp:featuredmedia":[{"embeddable":true,"href":"https:\/\/www.abchukuk.com\/index.php\/wp-json\/wp\/v2\/media\/22797"}],"wp:attachment":[{"href":"https:\/\/www.abchukuk.com\/index.php\/wp-json\/wp\/v2\/media?parent=22796"}],"wp:term":[{"taxonomy":"category","embeddable":true,"href":"https:\/\/www.abchukuk.com\/index.php\/wp-json\/wp\/v2\/categories?post=22796"},{"taxonomy":"post_tag","embeddable":true,"href":"https:\/\/www.abchukuk.com\/index.php\/wp-json\/wp\/v2\/tags?post=22796"}],"curies":[{"name":"wp","href":"https:\/\/api.w.org\/{rel}","templated":true}]}}