{"id":22793,"date":"2026-03-10T15:14:00","date_gmt":"2026-03-10T15:14:00","guid":{"rendered":"https:\/\/www.abchukuk.com\/index.php\/2026\/03\/10\/yozgatta-okul-mudurune-saldiran-veli-gozaltina-alindi\/"},"modified":"2026-03-10T15:14:00","modified_gmt":"2026-03-10T15:14:00","slug":"yozgatta-okul-mudurune-saldiran-veli-gozaltina-alindi","status":"publish","type":"post","link":"https:\/\/www.abchukuk.com\/index.php\/2026\/03\/10\/yozgatta-okul-mudurune-saldiran-veli-gozaltina-alindi\/","title":{"rendered":"Yozgat&#8217;ta okul m\u00fcd\u00fcr\u00fcne sald\u0131ran veli g\u00f6zalt\u0131na al\u0131nd\u0131"},"content":{"rendered":"<p>Cumhuriyet Ortaokulu M\u00fcd\u00fcr\u00fc Fatih Bilir, iki \u00f6\u011frenci aras\u0131nda \u00e7\u0131kan tart\u0131\u015fman\u0131n ard\u0131ndan onlar\u0131 uyard\u0131. Olay\u0131n ard\u0131ndan okula gelen bir \u00f6\u011frencinin a\u011fabeyi, odas\u0131na gitti\u011fi m\u00fcd\u00fcr\u00fc darbederek ka\u00e7t\u0131.Cumhuriyet Ortaokulu M\u00fcd\u00fcr\u00fc Fatih Bilir, iki \u00f6\u011frenci aras\u0131nda \u00e7\u0131kan tart\u0131\u015fman\u0131n ard\u0131ndan onlar\u0131 uyard\u0131. Olay\u0131n ard\u0131ndan okula gelen bir \u00f6\u011frencinin a\u011fabeyi, odas\u0131na gitti\u011fi m\u00fcd\u00fcr\u00fc darbederek ka\u00e7t\u0131.\u00a0<a href=\"https:\/\/www.cumhuriyet.com.tr\/turkiye\/yozgat-ta-okul-muduru-makaminda-ogrencinin-agabeyi-tarafindan-darbedildi-2485675\" target=\"_blank\" class=\"feedzy-rss-link-icon\">Read More<\/a><\/p>","protected":false},"excerpt":{"rendered":"<p>Cumhuriyet Ortaokulu M\u00fcd\u00fcr\u00fc Fatih Bilir, iki \u00f6\u011frenci aras\u0131nda \u00e7\u0131kan tart\u0131\u015fman\u0131n ard\u0131ndan onlar\u0131 uyard\u0131. Olay\u0131n ard\u0131ndan okula gelen bir \u00f6\u011frencinin a\u011fabeyi, odas\u0131na gitti\u011fi m\u00fcd\u00fcr\u00fc darbederek ka\u00e7t\u0131.Cumhuriyet Ortaokulu M\u00fcd\u00fcr\u00fc Fatih Bilir, iki \u00f6\u011frenci aras\u0131nda \u00e7\u0131kan tart\u0131\u015fman\u0131n ard\u0131ndan onlar\u0131 uyard\u0131. Olay\u0131n ard\u0131ndan okula gelen bir \u00f6\u011frencinin a\u011fabeyi, odas\u0131na gitti\u011fi m\u00fcd\u00fcr\u00fc darbederek ka\u00e7t\u0131.\u00a0Read More<\/p>\n","protected":false},"author":1,"featured_media":22794,"comment_status":"open","ping_status":"open","sticky":false,"template":"","format":"standard","meta":{"footnotes":"","_links_to":"","_links_to_target":""},"categories":[1],"tags":[],"class_list":["post-22793","post","type-post","status-publish","format-standard","has-post-thumbnail","hentry","category-haberler"],"_links":{"self":[{"href":"https:\/\/www.abchukuk.com\/index.php\/wp-json\/wp\/v2\/posts\/22793","targetHints":{"allow":["GET"]}}],"collection":[{"href":"https:\/\/www.abchukuk.com\/index.php\/wp-json\/wp\/v2\/posts"}],"about":[{"href":"https:\/\/www.abchukuk.com\/index.php\/wp-json\/wp\/v2\/types\/post"}],"author":[{"embeddable":true,"href":"https:\/\/www.abchukuk.com\/index.php\/wp-json\/wp\/v2\/users\/1"}],"replies":[{"embeddable":true,"href":"https:\/\/www.abchukuk.com\/index.php\/wp-json\/wp\/v2\/comments?post=22793"}],"version-history":[{"count":0,"href":"https:\/\/www.abchukuk.com\/index.php\/wp-json\/wp\/v2\/posts\/22793\/revisions"}],"wp:featuredmedia":[{"embeddable":true,"href":"https:\/\/www.abchukuk.com\/index.php\/wp-json\/wp\/v2\/media\/22794"}],"wp:attachment":[{"href":"https:\/\/www.abchukuk.com\/index.php\/wp-json\/wp\/v2\/media?parent=22793"}],"wp:term":[{"taxonomy":"category","embeddable":true,"href":"https:\/\/www.abchukuk.com\/index.php\/wp-json\/wp\/v2\/categories?post=22793"},{"taxonomy":"post_tag","embeddable":true,"href":"https:\/\/www.abchukuk.com\/index.php\/wp-json\/wp\/v2\/tags?post=22793"}],"curies":[{"name":"wp","href":"https:\/\/api.w.org\/{rel}","templated":true}]}}