{"id":22792,"date":"2026-03-10T15:14:34","date_gmt":"2026-03-10T15:14:34","guid":{"rendered":"https:\/\/www.abchukuk.com\/index.php\/2026\/03\/10\/imamoglu-davasindaki-durusma-goruntulerini-paylasanlara-sorusturma\/"},"modified":"2026-03-10T15:14:34","modified_gmt":"2026-03-10T15:14:34","slug":"imamoglu-davasindaki-durusma-goruntulerini-paylasanlara-sorusturma","status":"publish","type":"post","link":"https:\/\/www.abchukuk.com\/index.php\/2026\/03\/10\/imamoglu-davasindaki-durusma-goruntulerini-paylasanlara-sorusturma\/","title":{"rendered":"\u0130mamo\u011flu davas\u0131ndaki duru\u015fma g\u00f6r\u00fcnt\u00fclerini payla\u015fanlara soru\u015fturma"},"content":{"rendered":"<p>Bak\u0131rk\u00f6y Cumhuriyet Ba\u015fsavc\u0131l\u0131\u011f\u0131, &#8216;\u0130mamo\u011flu \u00e7\u0131kar ama\u00e7l\u0131 su\u00e7 \u00f6rg\u00fct\u00fc&#8217; davas\u0131n\u0131n duru\u015fmas\u0131na ait g\u00f6r\u00fcnt\u00fcleri kayda alarak sosyal medya hesaplar\u0131nda payla\u015fan ki\u015filer hakk\u0131nda soru\u015fturma ba\u015flat\u0131ld\u0131\u011f\u0131n\u0131 a\u00e7\u0131klad\u0131.Bak\u0131rk\u00f6y Cumhuriyet Ba\u015fsavc\u0131l\u0131\u011f\u0131, &#8216;\u0130mamo\u011flu \u00e7\u0131kar ama\u00e7l\u0131 su\u00e7 \u00f6rg\u00fct\u00fc&#8217; davas\u0131n\u0131n duru\u015fmas\u0131na ait g\u00f6r\u00fcnt\u00fcleri kayda alarak sosyal medya hesaplar\u0131nda payla\u015fan ki\u015filer hakk\u0131nda soru\u015fturma ba\u015flat\u0131ld\u0131\u011f\u0131n\u0131 a\u00e7\u0131klad\u0131.\u00a0<a href=\"https:\/\/anlatilaninotesi.com.tr\/20260310\/imamoglu-davasindaki-durusma-goruntulerini-paylasanlara-sorusturma-1104153000.html\" target=\"_blank\" class=\"feedzy-rss-link-icon\">Read More<\/a><\/p>","protected":false},"excerpt":{"rendered":"<p>Bak\u0131rk\u00f6y Cumhuriyet Ba\u015fsavc\u0131l\u0131\u011f\u0131, &#8216;\u0130mamo\u011flu \u00e7\u0131kar ama\u00e7l\u0131 su\u00e7 \u00f6rg\u00fct\u00fc&#8217; davas\u0131n\u0131n duru\u015fmas\u0131na ait g\u00f6r\u00fcnt\u00fcleri kayda alarak sosyal medya hesaplar\u0131nda payla\u015fan ki\u015filer hakk\u0131nda soru\u015fturma ba\u015flat\u0131ld\u0131\u011f\u0131n\u0131 a\u00e7\u0131klad\u0131.Bak\u0131rk\u00f6y Cumhuriyet Ba\u015fsavc\u0131l\u0131\u011f\u0131, &#8216;\u0130mamo\u011flu \u00e7\u0131kar ama\u00e7l\u0131 su\u00e7 \u00f6rg\u00fct\u00fc&#8217; davas\u0131n\u0131n duru\u015fmas\u0131na ait g\u00f6r\u00fcnt\u00fcleri kayda alarak sosyal medya hesaplar\u0131nda payla\u015fan ki\u015filer hakk\u0131nda soru\u015fturma ba\u015flat\u0131ld\u0131\u011f\u0131n\u0131 a\u00e7\u0131klad\u0131.\u00a0Read More<\/p>\n","protected":false},"author":1,"featured_media":0,"comment_status":"open","ping_status":"open","sticky":false,"template":"","format":"standard","meta":{"footnotes":"","_links_to":"","_links_to_target":""},"categories":[1],"tags":[],"class_list":["post-22792","post","type-post","status-publish","format-standard","hentry","category-haberler"],"_links":{"self":[{"href":"https:\/\/www.abchukuk.com\/index.php\/wp-json\/wp\/v2\/posts\/22792","targetHints":{"allow":["GET"]}}],"collection":[{"href":"https:\/\/www.abchukuk.com\/index.php\/wp-json\/wp\/v2\/posts"}],"about":[{"href":"https:\/\/www.abchukuk.com\/index.php\/wp-json\/wp\/v2\/types\/post"}],"author":[{"embeddable":true,"href":"https:\/\/www.abchukuk.com\/index.php\/wp-json\/wp\/v2\/users\/1"}],"replies":[{"embeddable":true,"href":"https:\/\/www.abchukuk.com\/index.php\/wp-json\/wp\/v2\/comments?post=22792"}],"version-history":[{"count":0,"href":"https:\/\/www.abchukuk.com\/index.php\/wp-json\/wp\/v2\/posts\/22792\/revisions"}],"wp:attachment":[{"href":"https:\/\/www.abchukuk.com\/index.php\/wp-json\/wp\/v2\/media?parent=22792"}],"wp:term":[{"taxonomy":"category","embeddable":true,"href":"https:\/\/www.abchukuk.com\/index.php\/wp-json\/wp\/v2\/categories?post=22792"},{"taxonomy":"post_tag","embeddable":true,"href":"https:\/\/www.abchukuk.com\/index.php\/wp-json\/wp\/v2\/tags?post=22792"}],"curies":[{"name":"wp","href":"https:\/\/api.w.org\/{rel}","templated":true}]}}