{"id":22789,"date":"2026-03-10T12:42:43","date_gmt":"2026-03-10T12:42:43","guid":{"rendered":"https:\/\/www.abchukuk.com\/index.php\/2026\/03\/10\/guney-kibrista-hamas-baglantili-bir-supheli-silah-temini-suclamasiyla-gozaltina-alindi\/"},"modified":"2026-03-10T12:42:43","modified_gmt":"2026-03-10T12:42:43","slug":"guney-kibrista-hamas-baglantili-bir-supheli-silah-temini-suclamasiyla-gozaltina-alindi","status":"publish","type":"post","link":"https:\/\/www.abchukuk.com\/index.php\/2026\/03\/10\/guney-kibrista-hamas-baglantili-bir-supheli-silah-temini-suclamasiyla-gozaltina-alindi\/","title":{"rendered":"G\u00fcney K\u0131br\u0131s\u2019ta Hamas ba\u011flant\u0131l\u0131 bir \u015f\u00fcpheli silah temini su\u00e7lamas\u0131yla g\u00f6zalt\u0131na al\u0131nd\u0131"},"content":{"rendered":"<p>Almanya\u2019da \u0130srail ve Yahudi kurumlar\u0131na y\u00f6nelik sald\u0131r\u0131lar i\u00e7in silah ve m\u00fchimmat temin etti\u011fi iddia edilen L\u00fcbnan do\u011fumlu bir \u015f\u00fcpheli, Larnaka Havaliman\u0131\u2019nda g\u00f6zalt\u0131na al\u0131nd\u0131.Almanya\u2019da \u0130srail ve Yahudi kurumlar\u0131na y\u00f6nelik sald\u0131r\u0131lar i\u00e7in silah ve m\u00fchimmat temin etti\u011fi iddia edilen L\u00fcbnan do\u011fumlu bir \u015f\u00fcpheli, Larnaka Havaliman\u0131\u2019nda g\u00f6zalt\u0131na al\u0131nd\u0131.\u00a0<a href=\"http:\/\/tr.euronews.com\/2026\/03\/10\/guney-kibrista-hamas-baglantili-bir-supheli-silah-temini-suclamasiyla-gozaltina-alindi\" target=\"_blank\" class=\"feedzy-rss-link-icon\">Read More<\/a><\/p>","protected":false},"excerpt":{"rendered":"<p>Almanya\u2019da \u0130srail ve Yahudi kurumlar\u0131na y\u00f6nelik sald\u0131r\u0131lar i\u00e7in silah ve m\u00fchimmat temin etti\u011fi iddia edilen L\u00fcbnan do\u011fumlu bir \u015f\u00fcpheli, Larnaka Havaliman\u0131\u2019nda g\u00f6zalt\u0131na al\u0131nd\u0131.Almanya\u2019da \u0130srail ve Yahudi kurumlar\u0131na y\u00f6nelik sald\u0131r\u0131lar i\u00e7in silah ve m\u00fchimmat temin etti\u011fi iddia edilen L\u00fcbnan do\u011fumlu bir \u015f\u00fcpheli, Larnaka Havaliman\u0131\u2019nda g\u00f6zalt\u0131na al\u0131nd\u0131.\u00a0Read More<\/p>\n","protected":false},"author":1,"featured_media":0,"comment_status":"open","ping_status":"open","sticky":false,"template":"","format":"standard","meta":{"footnotes":"","_links_to":"","_links_to_target":""},"categories":[1],"tags":[],"class_list":["post-22789","post","type-post","status-publish","format-standard","hentry","category-haberler"],"_links":{"self":[{"href":"https:\/\/www.abchukuk.com\/index.php\/wp-json\/wp\/v2\/posts\/22789","targetHints":{"allow":["GET"]}}],"collection":[{"href":"https:\/\/www.abchukuk.com\/index.php\/wp-json\/wp\/v2\/posts"}],"about":[{"href":"https:\/\/www.abchukuk.com\/index.php\/wp-json\/wp\/v2\/types\/post"}],"author":[{"embeddable":true,"href":"https:\/\/www.abchukuk.com\/index.php\/wp-json\/wp\/v2\/users\/1"}],"replies":[{"embeddable":true,"href":"https:\/\/www.abchukuk.com\/index.php\/wp-json\/wp\/v2\/comments?post=22789"}],"version-history":[{"count":0,"href":"https:\/\/www.abchukuk.com\/index.php\/wp-json\/wp\/v2\/posts\/22789\/revisions"}],"wp:attachment":[{"href":"https:\/\/www.abchukuk.com\/index.php\/wp-json\/wp\/v2\/media?parent=22789"}],"wp:term":[{"taxonomy":"category","embeddable":true,"href":"https:\/\/www.abchukuk.com\/index.php\/wp-json\/wp\/v2\/categories?post=22789"},{"taxonomy":"post_tag","embeddable":true,"href":"https:\/\/www.abchukuk.com\/index.php\/wp-json\/wp\/v2\/tags?post=22789"}],"curies":[{"name":"wp","href":"https:\/\/api.w.org\/{rel}","templated":true}]}}