{"id":22774,"date":"2026-03-10T14:38:36","date_gmt":"2026-03-10T14:38:36","guid":{"rendered":"https:\/\/www.abchukuk.com\/index.php\/2026\/03\/10\/sile-ve-kandira-bassavcilarindan-adalet-bakani-ve-bakan-yardimcilarina-hayirli-olsun-ziyareti\/"},"modified":"2026-03-10T14:38:36","modified_gmt":"2026-03-10T14:38:36","slug":"sile-ve-kandira-bassavcilarindan-adalet-bakani-ve-bakan-yardimcilarina-hayirli-olsun-ziyareti","status":"publish","type":"post","link":"https:\/\/www.abchukuk.com\/index.php\/2026\/03\/10\/sile-ve-kandira-bassavcilarindan-adalet-bakani-ve-bakan-yardimcilarina-hayirli-olsun-ziyareti\/","title":{"rendered":"\u015eile ve Kand\u0131ra Ba\u015fsavc\u0131lar\u0131ndan Adalet Bakan\u0131 ve Bakan Yard\u0131mc\u0131lar\u0131na hay\u0131rl\u0131 olsun ziyareti"},"content":{"rendered":"<p>\u015eile Cumhuriyet Ba\u015fsavc\u0131s\u0131 Burhan Ergar ve Kand\u0131ra Cumhuriyet Ba\u015fsavc\u0131s\u0131 Muhammet Sefa \u00c7etin Adalet Bakan\u0131 ve Bakan Yard\u0131mc\u0131lar\u0131na hay\u0131rl\u0131 olsun ziyaretinde bulundu.<\/p>\n<p><a href=\"https:\/\/www.son.tv\/wp-content\/uploads\/2026\/03\/0f2f55c7-9378-4878-b2d5-2ebc531cfc96.jpeg\"><img fetchpriority=\"high\" decoding=\"async\" class=\"alignnone size-large wp-image-169045\" src=\"https:\/\/www.son.tv\/wp-content\/uploads\/2026\/03\/0f2f55c7-9378-4878-b2d5-2ebc531cfc96-801x1024.jpeg\" alt=\"\" width=\"801\" height=\"1024\" \/><\/a><\/p>\n<p>Adalet Bakan\u0131 Ak\u0131n G\u00fcrlek ve Bakan yard\u0131mc\u0131lar\u0131 Burak Ceyhan, Sedat Ayy\u0131ld\u0131z ile Abdullah Aydo\u011fdu ile g\u00f6r\u00fc\u015fen iki Ba\u015fsavc\u0131, hay\u0131rl\u0131 olsun\u2019 temennisinde bulundu.<\/p>\n<p><a href=\"https:\/\/www.son.tv\/wp-content\/uploads\/2026\/03\/f3ed71c8-02b6-4ce8-9cc6-02494a515d3c.jpeg\"><img decoding=\"async\" class=\"alignnone size-large wp-image-169046\" src=\"https:\/\/www.son.tv\/wp-content\/uploads\/2026\/03\/f3ed71c8-02b6-4ce8-9cc6-02494a515d3c-901x1024.jpeg\" alt=\"\" width=\"901\" height=\"1024\" \/><\/a><br \/>\n<a href=\"https:\/\/www.son.tv\/wp-content\/uploads\/2026\/03\/e889b241-dd47-465c-8150-8950feb5ce37.jpeg\"><img decoding=\"async\" class=\"alignnone size-large wp-image-169052\" src=\"https:\/\/www.son.tv\/wp-content\/uploads\/2026\/03\/e889b241-dd47-465c-8150-8950feb5ce37-1024x920.jpeg\" alt=\"\" width=\"1024\" height=\"920\" \/><\/a><\/p>\n<p>\u015eile Cumhuriyet Ba\u015fsavc\u0131s\u0131 Burhan Ergar ve Kand\u0131ra Cumhuriyet Ba\u015fsavc\u0131s\u0131 Muhammet Sefa \u00c7etin Adalet Bakan\u0131 ve Bakan Yard\u0131mc\u0131lar\u0131na hay\u0131rl\u0131 olsun ziyaretinde bulundu. Adalet Bakan\u0131 Ak\u0131n G\u00fcrlek ve Bakan yard\u0131mc\u0131lar\u0131 Burak Ceyhan, Sedat Ayy\u0131ld\u0131z ile Abdullah Aydo\u011fdu ile g\u00f6r\u00fc\u015fen iki Ba\u015fsavc\u0131, hay\u0131rl\u0131 olsun\u2019 temennisinde bulundu.\u00a0<a href=\"https:\/\/www.son.tv\/sile-ve-kandira-bassavcilarindan-adalet-bakani-ve-bakan-yardimcilarina-hayirli-olsun-ziyareti\/\" target=\"_blank\" class=\"feedzy-rss-link-icon\">Read More<\/a><\/p>","protected":false},"excerpt":{"rendered":"<p>\u015eile Cumhuriyet Ba\u015fsavc\u0131s\u0131 Burhan Ergar ve Kand\u0131ra Cumhuriyet Ba\u015fsavc\u0131s\u0131 Muhammet Sefa \u00c7etin Adalet Bakan\u0131 ve Bakan Yard\u0131mc\u0131lar\u0131na hay\u0131rl\u0131 olsun ziyaretinde bulundu. Adalet Bakan\u0131 Ak\u0131n G\u00fcrlek ve Bakan yard\u0131mc\u0131lar\u0131 Burak Ceyhan, Sedat Ayy\u0131ld\u0131z ile Abdullah Aydo\u011fdu ile g\u00f6r\u00fc\u015fen iki Ba\u015fsavc\u0131, hay\u0131rl\u0131 olsun\u2019 temennisinde bulundu. \u015eile Cumhuriyet Ba\u015fsavc\u0131s\u0131 Burhan Ergar ve Kand\u0131ra Cumhuriyet Ba\u015fsavc\u0131s\u0131 Muhammet Sefa \u00c7etin [&hellip;]<\/p>\n","protected":false},"author":1,"featured_media":22775,"comment_status":"open","ping_status":"open","sticky":false,"template":"","format":"standard","meta":{"footnotes":"","_links_to":"","_links_to_target":""},"categories":[1],"tags":[],"class_list":["post-22774","post","type-post","status-publish","format-standard","has-post-thumbnail","hentry","category-haberler"],"_links":{"self":[{"href":"https:\/\/www.abchukuk.com\/index.php\/wp-json\/wp\/v2\/posts\/22774","targetHints":{"allow":["GET"]}}],"collection":[{"href":"https:\/\/www.abchukuk.com\/index.php\/wp-json\/wp\/v2\/posts"}],"about":[{"href":"https:\/\/www.abchukuk.com\/index.php\/wp-json\/wp\/v2\/types\/post"}],"author":[{"embeddable":true,"href":"https:\/\/www.abchukuk.com\/index.php\/wp-json\/wp\/v2\/users\/1"}],"replies":[{"embeddable":true,"href":"https:\/\/www.abchukuk.com\/index.php\/wp-json\/wp\/v2\/comments?post=22774"}],"version-history":[{"count":0,"href":"https:\/\/www.abchukuk.com\/index.php\/wp-json\/wp\/v2\/posts\/22774\/revisions"}],"wp:featuredmedia":[{"embeddable":true,"href":"https:\/\/www.abchukuk.com\/index.php\/wp-json\/wp\/v2\/media\/22775"}],"wp:attachment":[{"href":"https:\/\/www.abchukuk.com\/index.php\/wp-json\/wp\/v2\/media?parent=22774"}],"wp:term":[{"taxonomy":"category","embeddable":true,"href":"https:\/\/www.abchukuk.com\/index.php\/wp-json\/wp\/v2\/categories?post=22774"},{"taxonomy":"post_tag","embeddable":true,"href":"https:\/\/www.abchukuk.com\/index.php\/wp-json\/wp\/v2\/tags?post=22774"}],"curies":[{"name":"wp","href":"https:\/\/api.w.org\/{rel}","templated":true}]}}