{"id":22772,"date":"2026-03-10T14:49:44","date_gmt":"2026-03-10T14:49:44","guid":{"rendered":"https:\/\/www.abchukuk.com\/index.php\/2026\/03\/10\/ankara-bim-baskani-parlaktan-adalet-bakan-yardimcisi-ayyildiza-hayirli-olsun-ziyareti\/"},"modified":"2026-03-10T14:49:44","modified_gmt":"2026-03-10T14:49:44","slug":"ankara-bim-baskani-parlaktan-adalet-bakan-yardimcisi-ayyildiza-hayirli-olsun-ziyareti","status":"publish","type":"post","link":"https:\/\/www.abchukuk.com\/index.php\/2026\/03\/10\/ankara-bim-baskani-parlaktan-adalet-bakan-yardimcisi-ayyildiza-hayirli-olsun-ziyareti\/","title":{"rendered":"Ankara B\u0130M Ba\u015fkan\u0131 Parlak\u2019tan Adalet Bakan Yard\u0131mc\u0131s\u0131 Ayy\u0131ld\u0131z\u2019a hay\u0131rl\u0131 olsun ziyareti"},"content":{"rendered":"<p class=\"p1\">Ankara B\u0130M Ba\u015fkan\u0131 Cemil Hulusi Parlak, Adalet Bakan Yard\u0131mc\u0131l\u0131\u011f\u0131 g\u00f6revine atanan Sedat Ayy\u0131ld\u0131z\u2019\u0131 makam\u0131nda ziyaret ederek hay\u0131rl\u0131 olsun ziyaretinde bulundu.<\/p>\n<p class=\"p1\"><span class=\"s1\">H\u0130ZMETLER\u0130N ETK\u0130NL\u0130\u011e\u0130<\/span><\/p>\n<p class=\"p1\"><span class=\"s1\">Adalet hizmetlerinin etkin y\u00fcr\u00fct\u00fclmesi konular\u0131n\u0131nda ele al\u0131nd\u0131\u011f\u0131 ziyaret, g\u00fcn\u00fcn an\u0131s\u0131na \u00e7ekinilen hat\u0131ra foto\u011fraf\u0131 ile son buldu. <\/span><\/p>\n<p>Ankara B\u00f6lge \u0130dare Mahkemesi Ba\u015fkan\u0131 Cemil Hulusi Parlak, Adalet Bakan Yard\u0131mc\u0131l\u0131\u011f\u0131 g\u00f6revine atanan Sedat Ayy\u0131ld\u0131z\u2019\u0131 makam\u0131nda ziyaret ederek hay\u0131rl\u0131 olsun dileklerini iletti. Ziyarette adalet hizmetlerinin etkin y\u00fcr\u00fct\u00fclmesi konular\u0131 da ele al\u0131nd\u0131.\u00a0<a href=\"https:\/\/www.son.tv\/ankara-bim-baskani-parlaktan-adalet-bakan-yardimcisi-ayyildiza-hayirli-olsun-ziyareti\/\" target=\"_blank\" class=\"feedzy-rss-link-icon\">Read More<\/a><\/p>","protected":false},"excerpt":{"rendered":"<p>Ankara B\u0130M Ba\u015fkan\u0131 Cemil Hulusi Parlak, Adalet Bakan Yard\u0131mc\u0131l\u0131\u011f\u0131 g\u00f6revine atanan Sedat Ayy\u0131ld\u0131z\u2019\u0131 makam\u0131nda ziyaret ederek hay\u0131rl\u0131 olsun ziyaretinde bulundu. H\u0130ZMETLER\u0130N ETK\u0130NL\u0130\u011e\u0130 Adalet hizmetlerinin etkin y\u00fcr\u00fct\u00fclmesi konular\u0131n\u0131nda ele al\u0131nd\u0131\u011f\u0131 ziyaret, g\u00fcn\u00fcn an\u0131s\u0131na \u00e7ekinilen hat\u0131ra foto\u011fraf\u0131 ile son buldu. Ankara B\u00f6lge \u0130dare Mahkemesi Ba\u015fkan\u0131 Cemil Hulusi Parlak, Adalet Bakan Yard\u0131mc\u0131l\u0131\u011f\u0131 g\u00f6revine atanan Sedat Ayy\u0131ld\u0131z\u2019\u0131 makam\u0131nda ziyaret [&hellip;]<\/p>\n","protected":false},"author":1,"featured_media":0,"comment_status":"open","ping_status":"open","sticky":false,"template":"","format":"standard","meta":{"footnotes":"","_links_to":"","_links_to_target":""},"categories":[1],"tags":[],"class_list":["post-22772","post","type-post","status-publish","format-standard","hentry","category-haberler"],"_links":{"self":[{"href":"https:\/\/www.abchukuk.com\/index.php\/wp-json\/wp\/v2\/posts\/22772","targetHints":{"allow":["GET"]}}],"collection":[{"href":"https:\/\/www.abchukuk.com\/index.php\/wp-json\/wp\/v2\/posts"}],"about":[{"href":"https:\/\/www.abchukuk.com\/index.php\/wp-json\/wp\/v2\/types\/post"}],"author":[{"embeddable":true,"href":"https:\/\/www.abchukuk.com\/index.php\/wp-json\/wp\/v2\/users\/1"}],"replies":[{"embeddable":true,"href":"https:\/\/www.abchukuk.com\/index.php\/wp-json\/wp\/v2\/comments?post=22772"}],"version-history":[{"count":0,"href":"https:\/\/www.abchukuk.com\/index.php\/wp-json\/wp\/v2\/posts\/22772\/revisions"}],"wp:attachment":[{"href":"https:\/\/www.abchukuk.com\/index.php\/wp-json\/wp\/v2\/media?parent=22772"}],"wp:term":[{"taxonomy":"category","embeddable":true,"href":"https:\/\/www.abchukuk.com\/index.php\/wp-json\/wp\/v2\/categories?post=22772"},{"taxonomy":"post_tag","embeddable":true,"href":"https:\/\/www.abchukuk.com\/index.php\/wp-json\/wp\/v2\/tags?post=22772"}],"curies":[{"name":"wp","href":"https:\/\/api.w.org\/{rel}","templated":true}]}}