{"id":22765,"date":"2026-03-10T12:25:53","date_gmt":"2026-03-10T12:25:53","guid":{"rendered":"https:\/\/www.abchukuk.com\/index.php\/2026\/03\/10\/ibb-yolsuzluk-davasinda-ikinci-gun-ekrem-imamoglu-ilk-kez-kursude\/"},"modified":"2026-03-10T12:25:53","modified_gmt":"2026-03-10T12:25:53","slug":"ibb-yolsuzluk-davasinda-ikinci-gun-ekrem-imamoglu-ilk-kez-kursude","status":"publish","type":"post","link":"https:\/\/www.abchukuk.com\/index.php\/2026\/03\/10\/ibb-yolsuzluk-davasinda-ikinci-gun-ekrem-imamoglu-ilk-kez-kursude\/","title":{"rendered":"\u0130BB yolsuzluk davas\u0131nda ikinci g\u00fcn: Ekrem \u0130mamo\u011flu ilk kez k\u00fcrs\u00fcde"},"content":{"rendered":"<p>&#8220;\u0130mamo\u011flu \u00e7\u0131kar ama\u00e7l\u0131 su\u00e7 \u00f6rg\u00fct\u00fc&#8221;ne ili\u015fkin 107&#8217;si tutuklu, 5&#8217;i &#8220;m\u00fc\u015fteki san\u0131k&#8221; olmak \u00fczere 407 san\u0131\u011f\u0131n yarg\u0131land\u0131\u011f\u0131 davada, san\u0131klar\u0131n savunmalar\u0131n\u0131n al\u0131nmas\u0131na ge\u00e7ildi.&#8221;\u0130mamo\u011flu \u00e7\u0131kar ama\u00e7l\u0131 su\u00e7 \u00f6rg\u00fct\u00fc&#8221;ne ili\u015fkin 107&#8217;si tutuklu, 5&#8217;i &#8220;m\u00fc\u015fteki san\u0131k&#8221; olmak \u00fczere 407 san\u0131\u011f\u0131n yarg\u0131land\u0131\u011f\u0131 davada, san\u0131klar\u0131n savunmalar\u0131n\u0131n al\u0131nmas\u0131na ge\u00e7ildi.\u00a0<a href=\"https:\/\/anlatilaninotesi.com.tr\/20260310\/ibb-yolsuzluk-davasinda-ikinci-gun-ekrem-imamoglu-ilk-kez-kursude-1104147375.html\" target=\"_blank\" class=\"feedzy-rss-link-icon\">Read More<\/a><\/p>","protected":false},"excerpt":{"rendered":"<p>&#8220;\u0130mamo\u011flu \u00e7\u0131kar ama\u00e7l\u0131 su\u00e7 \u00f6rg\u00fct\u00fc&#8221;ne ili\u015fkin 107&#8217;si tutuklu, 5&#8217;i &#8220;m\u00fc\u015fteki san\u0131k&#8221; olmak \u00fczere 407 san\u0131\u011f\u0131n yarg\u0131land\u0131\u011f\u0131 davada, san\u0131klar\u0131n savunmalar\u0131n\u0131n al\u0131nmas\u0131na ge\u00e7ildi.&#8221;\u0130mamo\u011flu \u00e7\u0131kar ama\u00e7l\u0131 su\u00e7 \u00f6rg\u00fct\u00fc&#8221;ne ili\u015fkin 107&#8217;si tutuklu, 5&#8217;i &#8220;m\u00fc\u015fteki san\u0131k&#8221; olmak \u00fczere 407 san\u0131\u011f\u0131n yarg\u0131land\u0131\u011f\u0131 davada, san\u0131klar\u0131n savunmalar\u0131n\u0131n al\u0131nmas\u0131na ge\u00e7ildi.\u00a0Read More<\/p>\n","protected":false},"author":1,"featured_media":0,"comment_status":"open","ping_status":"open","sticky":false,"template":"","format":"standard","meta":{"footnotes":"","_links_to":"","_links_to_target":""},"categories":[1],"tags":[],"class_list":["post-22765","post","type-post","status-publish","format-standard","hentry","category-haberler"],"_links":{"self":[{"href":"https:\/\/www.abchukuk.com\/index.php\/wp-json\/wp\/v2\/posts\/22765","targetHints":{"allow":["GET"]}}],"collection":[{"href":"https:\/\/www.abchukuk.com\/index.php\/wp-json\/wp\/v2\/posts"}],"about":[{"href":"https:\/\/www.abchukuk.com\/index.php\/wp-json\/wp\/v2\/types\/post"}],"author":[{"embeddable":true,"href":"https:\/\/www.abchukuk.com\/index.php\/wp-json\/wp\/v2\/users\/1"}],"replies":[{"embeddable":true,"href":"https:\/\/www.abchukuk.com\/index.php\/wp-json\/wp\/v2\/comments?post=22765"}],"version-history":[{"count":0,"href":"https:\/\/www.abchukuk.com\/index.php\/wp-json\/wp\/v2\/posts\/22765\/revisions"}],"wp:attachment":[{"href":"https:\/\/www.abchukuk.com\/index.php\/wp-json\/wp\/v2\/media?parent=22765"}],"wp:term":[{"taxonomy":"category","embeddable":true,"href":"https:\/\/www.abchukuk.com\/index.php\/wp-json\/wp\/v2\/categories?post=22765"},{"taxonomy":"post_tag","embeddable":true,"href":"https:\/\/www.abchukuk.com\/index.php\/wp-json\/wp\/v2\/tags?post=22765"}],"curies":[{"name":"wp","href":"https:\/\/api.w.org\/{rel}","templated":true}]}}