{"id":22764,"date":"2026-03-10T09:15:35","date_gmt":"2026-03-10T09:15:35","guid":{"rendered":"https:\/\/www.abchukuk.com\/index.php\/2026\/03\/10\/sontv-ulasti-hsk-yaz-kararnamesinin-tarihi-ne-zaman-belli-olacak-iste-detaylar\/"},"modified":"2026-03-10T09:15:35","modified_gmt":"2026-03-10T09:15:35","slug":"sontv-ulasti-hsk-yaz-kararnamesinin-tarihi-ne-zaman-belli-olacak-iste-detaylar","status":"publish","type":"post","link":"https:\/\/www.abchukuk.com\/index.php\/2026\/03\/10\/sontv-ulasti-hsk-yaz-kararnamesinin-tarihi-ne-zaman-belli-olacak-iste-detaylar\/","title":{"rendered":"SONTV ula\u015ft\u0131! HSK yaz kararnamesinin tarihi ne zaman belli olacak? \u0130\u015fte detaylar\u2026"},"content":{"rendered":"<p>Cumhurba\u015fkan\u0131 Recep Tayyip Erdo\u011fan\u2019\u0131n imzas\u0131yla Adalet Bakan\u0131 olarak atanan Ak\u0131n G\u00fcrlek, ayn\u0131 zamanda otomatik olarak Hakimler ve Savc\u0131lar Kurulu (HSK)\u2019n\u0131n da ba\u015fkan\u0131 olmu\u015f oldu. Bakan G\u00fcrlek\u2019in g\u00f6reve ba\u015flamas\u0131n\u0131n ard\u0131ndan Bakan Yard\u0131mc\u0131lar\u0131 da belli oldu. Bu kapsamda Bakan Yard\u0131mc\u0131l\u0131\u011f\u0131na getirilen Can Tuncay\u2019da HSK 1.dairenin do\u011fal \u00fcyesi oldu.<\/p>\n<p>G\u00d6ZLER YAZ KARARNAMES\u0130NE \u00c7EVR\u0130LD\u0130<br \/>\nHSK\u2019da ya\u015fanan de\u011fi\u015fiklerin ard\u0131ndan g\u00f6zler yaz kararnamesinin yay\u0131nlanaca\u011f\u0131 tarihe \u00e7evrildi. SONTV\u2019nin ula\u015ft\u0131\u011f\u0131 bilgiye g\u00f6re, HSK yaz kararnamesinin tarihi 22 may\u0131sta \u00e7\u0131kmas\u0131 bekleniyor.<\/p>\n<p>Adalet Bakanl\u0131\u011f\u0131 g\u00f6revine getirilen Ak\u0131n G\u00fcrlek\u2019in HSK Ba\u015fkan\u0131, Adalet Bakan Yard\u0131mc\u0131s\u0131 olarak atanan Can Tuncay\u2019\u0131nda HSK\u2019n\u0131n do\u011fal \u00fcyesi olmas\u0131n\u0131n ard\u0131ndan g\u00f6zler yaz kararnamesine \u00e7evrildi. SONTV\u2019nin ula\u015ft\u0131\u011f\u0131 bilgiye g\u00f6re, HSK yaz kararnamesinin tarihi 22 may\u0131sta \u00e7\u0131kmas\u0131 bekleniyor\u2026\u00a0<a href=\"https:\/\/www.son.tv\/sontv-ulasti-hsk-yaz-kararnamesinin-tarihi-ne-zaman-belli-olacak-iste-detaylar\/\" target=\"_blank\" class=\"feedzy-rss-link-icon\">Read More<\/a><\/p>","protected":false},"excerpt":{"rendered":"<p>Cumhurba\u015fkan\u0131 Recep Tayyip Erdo\u011fan\u2019\u0131n imzas\u0131yla Adalet Bakan\u0131 olarak atanan Ak\u0131n G\u00fcrlek, ayn\u0131 zamanda otomatik olarak Hakimler ve Savc\u0131lar Kurulu (HSK)\u2019n\u0131n da ba\u015fkan\u0131 olmu\u015f oldu. Bakan G\u00fcrlek\u2019in g\u00f6reve ba\u015flamas\u0131n\u0131n ard\u0131ndan Bakan Yard\u0131mc\u0131lar\u0131 da belli oldu. Bu kapsamda Bakan Yard\u0131mc\u0131l\u0131\u011f\u0131na getirilen Can Tuncay\u2019da HSK 1.dairenin do\u011fal \u00fcyesi oldu. G\u00d6ZLER YAZ KARARNAMES\u0130NE \u00c7EVR\u0130LD\u0130 HSK\u2019da ya\u015fanan de\u011fi\u015fiklerin ard\u0131ndan g\u00f6zler [&hellip;]<\/p>\n","protected":false},"author":1,"featured_media":0,"comment_status":"open","ping_status":"open","sticky":false,"template":"","format":"standard","meta":{"footnotes":"","_links_to":"","_links_to_target":""},"categories":[1],"tags":[],"class_list":["post-22764","post","type-post","status-publish","format-standard","hentry","category-haberler"],"_links":{"self":[{"href":"https:\/\/www.abchukuk.com\/index.php\/wp-json\/wp\/v2\/posts\/22764","targetHints":{"allow":["GET"]}}],"collection":[{"href":"https:\/\/www.abchukuk.com\/index.php\/wp-json\/wp\/v2\/posts"}],"about":[{"href":"https:\/\/www.abchukuk.com\/index.php\/wp-json\/wp\/v2\/types\/post"}],"author":[{"embeddable":true,"href":"https:\/\/www.abchukuk.com\/index.php\/wp-json\/wp\/v2\/users\/1"}],"replies":[{"embeddable":true,"href":"https:\/\/www.abchukuk.com\/index.php\/wp-json\/wp\/v2\/comments?post=22764"}],"version-history":[{"count":0,"href":"https:\/\/www.abchukuk.com\/index.php\/wp-json\/wp\/v2\/posts\/22764\/revisions"}],"wp:attachment":[{"href":"https:\/\/www.abchukuk.com\/index.php\/wp-json\/wp\/v2\/media?parent=22764"}],"wp:term":[{"taxonomy":"category","embeddable":true,"href":"https:\/\/www.abchukuk.com\/index.php\/wp-json\/wp\/v2\/categories?post=22764"},{"taxonomy":"post_tag","embeddable":true,"href":"https:\/\/www.abchukuk.com\/index.php\/wp-json\/wp\/v2\/tags?post=22764"}],"curies":[{"name":"wp","href":"https:\/\/api.w.org\/{rel}","templated":true}]}}