{"id":22760,"date":"2026-03-10T07:36:00","date_gmt":"2026-03-10T07:36:00","guid":{"rendered":"https:\/\/www.abchukuk.com\/index.php\/2026\/03\/10\/en-kritik-davalarin-savcisinin-onlenemez-yukselisi-aym-baskanvekilligine-irfan-fidan-secildi\/"},"modified":"2026-03-10T07:36:00","modified_gmt":"2026-03-10T07:36:00","slug":"en-kritik-davalarin-savcisinin-onlenemez-yukselisi-aym-baskanvekilligine-irfan-fidan-secildi","status":"publish","type":"post","link":"https:\/\/www.abchukuk.com\/index.php\/2026\/03\/10\/en-kritik-davalarin-savcisinin-onlenemez-yukselisi-aym-baskanvekilligine-irfan-fidan-secildi\/","title":{"rendered":"En kritik davalar\u0131n savc\u0131s\u0131n\u0131n \u00f6nlenemez y\u00fckseli\u015fi&#8230; AYM Ba\u015fkanvekilli\u011fi&#8217;ne \u0130rfan Fidan se\u00e7ildi!"},"content":{"rendered":"<p>\u0130stanbul Cumhuriyet Ba\u015fsavc\u0131s\u0131 oldu\u011fu s\u0131rada Yarg\u0131tay \u00fcyeli\u011fine se\u00e7ilen ve sadece iki ay sonra AYM \u00fcyeli\u011fine atanmas\u0131 tart\u0131\u015fma konusu olan \u0130rfan Fidan, Anayasa Mahkemesi Ba\u015fkanvekilli\u011fi&#8217;ne se\u00e7ildi. Fidan; Gezi, Osman Kavala, 17-25 Aral\u0131k ve M\u0130T TIR&#8217;lar\u0131 dosyalar\u0131n\u0131n savc\u0131s\u0131 olarak biliniyor.\u0130stanbul Cumhuriyet Ba\u015fsavc\u0131s\u0131 oldu\u011fu s\u0131rada Yarg\u0131tay \u00fcyeli\u011fine se\u00e7ilen ve sadece iki ay sonra AYM \u00fcyeli\u011fine atanmas\u0131 tart\u0131\u015fma konusu olan \u0130rfan Fidan, Anayasa Mahkemesi Ba\u015fkanvekilli\u011fi&#8217;ne se\u00e7ildi. Fidan; Gezi, Osman Kavala, 17-25 Aral\u0131k ve M\u0130T TIR&#8217;lar\u0131 dosyalar\u0131n\u0131n savc\u0131s\u0131 olarak biliniyor.\u00a0<a href=\"https:\/\/www.cumhuriyet.com.tr\/turkiye\/en-kritik-davalarin-savcisinin-onlenemez-yukselisi-aym-baskanvekilligi-ne-irfan-fidan-secildi-2485542\" target=\"_blank\" class=\"feedzy-rss-link-icon\">Read More<\/a><\/p>","protected":false},"excerpt":{"rendered":"<p>\u0130stanbul Cumhuriyet Ba\u015fsavc\u0131s\u0131 oldu\u011fu s\u0131rada Yarg\u0131tay \u00fcyeli\u011fine se\u00e7ilen ve sadece iki ay sonra AYM \u00fcyeli\u011fine atanmas\u0131 tart\u0131\u015fma konusu olan \u0130rfan Fidan, Anayasa Mahkemesi Ba\u015fkanvekilli\u011fi&#8217;ne se\u00e7ildi. Fidan; Gezi, Osman Kavala, 17-25 Aral\u0131k ve M\u0130T TIR&#8217;lar\u0131 dosyalar\u0131n\u0131n savc\u0131s\u0131 olarak biliniyor.\u0130stanbul Cumhuriyet Ba\u015fsavc\u0131s\u0131 oldu\u011fu s\u0131rada Yarg\u0131tay \u00fcyeli\u011fine se\u00e7ilen ve sadece iki ay sonra AYM \u00fcyeli\u011fine atanmas\u0131 tart\u0131\u015fma konusu [&hellip;]<\/p>\n","protected":false},"author":1,"featured_media":22761,"comment_status":"open","ping_status":"open","sticky":false,"template":"","format":"standard","meta":{"footnotes":"","_links_to":"","_links_to_target":""},"categories":[1],"tags":[],"class_list":["post-22760","post","type-post","status-publish","format-standard","has-post-thumbnail","hentry","category-haberler"],"_links":{"self":[{"href":"https:\/\/www.abchukuk.com\/index.php\/wp-json\/wp\/v2\/posts\/22760","targetHints":{"allow":["GET"]}}],"collection":[{"href":"https:\/\/www.abchukuk.com\/index.php\/wp-json\/wp\/v2\/posts"}],"about":[{"href":"https:\/\/www.abchukuk.com\/index.php\/wp-json\/wp\/v2\/types\/post"}],"author":[{"embeddable":true,"href":"https:\/\/www.abchukuk.com\/index.php\/wp-json\/wp\/v2\/users\/1"}],"replies":[{"embeddable":true,"href":"https:\/\/www.abchukuk.com\/index.php\/wp-json\/wp\/v2\/comments?post=22760"}],"version-history":[{"count":0,"href":"https:\/\/www.abchukuk.com\/index.php\/wp-json\/wp\/v2\/posts\/22760\/revisions"}],"wp:featuredmedia":[{"embeddable":true,"href":"https:\/\/www.abchukuk.com\/index.php\/wp-json\/wp\/v2\/media\/22761"}],"wp:attachment":[{"href":"https:\/\/www.abchukuk.com\/index.php\/wp-json\/wp\/v2\/media?parent=22760"}],"wp:term":[{"taxonomy":"category","embeddable":true,"href":"https:\/\/www.abchukuk.com\/index.php\/wp-json\/wp\/v2\/categories?post=22760"},{"taxonomy":"post_tag","embeddable":true,"href":"https:\/\/www.abchukuk.com\/index.php\/wp-json\/wp\/v2\/tags?post=22760"}],"curies":[{"name":"wp","href":"https:\/\/api.w.org\/{rel}","templated":true}]}}