{"id":22756,"date":"2026-03-10T08:52:31","date_gmt":"2026-03-10T08:52:31","guid":{"rendered":"https:\/\/www.abchukuk.com\/index.php\/2026\/03\/10\/24-ilde-siber-suc-operasyonu-162-tutuklama\/"},"modified":"2026-03-10T08:52:31","modified_gmt":"2026-03-10T08:52:31","slug":"24-ilde-siber-suc-operasyonu-162-tutuklama","status":"publish","type":"post","link":"https:\/\/www.abchukuk.com\/index.php\/2026\/03\/10\/24-ilde-siber-suc-operasyonu-162-tutuklama\/","title":{"rendered":"24 \u0130lde &#8216;Siber Su\u00e7&#8217; Operasyonu: 162 Tutuklama"},"content":{"rendered":"<p><a href=\"https:\/\/www.gercekgundem.com\/guncel\/24-ilde-siber-suc-operasyonu-162-tutuklama-567878\"><br \/>\n                                                            <img decoding=\"async\" src=\"https:\/\/i.gercekgundem.com\/2\/150\/84\/storage\/files\/images\/2026\/03\/10\/24-ilde-siber-suc-operasyonu-162-tutuklama-pnmh.jpg\" width=\"150\" height=\"84\" border=\"0\" align=\"right\" \/><br \/>\n                                                    <\/a><\/p>\n<h4>\u0130\u00e7i\u015fleri Bakanl\u0131\u011f\u0131, siber su\u00e7larla m\u00fccadele kapsam\u0131nda son 10 g\u00fcnde polis taraf\u0131ndan d\u00fczenlenen 24 il merkezli operasyonlarda g\u00f6zalt\u0131na al\u0131nan 360 \u015f\u00fcpheliden 162&#8217;sinin tutukland\u0131\u011f\u0131n\u0131 duyurdu.<\/h4>\n<p>\u0130\u00e7i\u015fleri Bakanl\u0131\u011f\u0131, siber su\u00e7larla m\u00fccadele kapsam\u0131nda son 10 g\u00fcnde polis taraf\u0131ndan d\u00fczenlenen 24 il merkezli operasyonlarda g\u00f6zalt\u0131na al\u0131nan 360 \u015f\u00fcpheliden 162&#8217;sinin tutukland\u0131\u011f\u0131n\u0131 duyurdu.\u00a0<a href=\"https:\/\/www.gercekgundem.com\/guncel\/24-ilde-siber-suc-operasyonu-162-tutuklama-567878\" target=\"_blank\" class=\"feedzy-rss-link-icon\">Read More<\/a><\/p>","protected":false},"excerpt":{"rendered":"<p>\u0130\u00e7i\u015fleri Bakanl\u0131\u011f\u0131, siber su\u00e7larla m\u00fccadele kapsam\u0131nda son 10 g\u00fcnde polis taraf\u0131ndan d\u00fczenlenen 24 il merkezli operasyonlarda g\u00f6zalt\u0131na al\u0131nan 360 \u015f\u00fcpheliden 162&#8217;sinin tutukland\u0131\u011f\u0131n\u0131 duyurdu. \u0130\u00e7i\u015fleri Bakanl\u0131\u011f\u0131, siber su\u00e7larla m\u00fccadele kapsam\u0131nda son 10 g\u00fcnde polis taraf\u0131ndan d\u00fczenlenen 24 il merkezli operasyonlarda g\u00f6zalt\u0131na al\u0131nan 360 \u015f\u00fcpheliden 162&#8217;sinin tutukland\u0131\u011f\u0131n\u0131 duyurdu.\u00a0Read More<\/p>\n","protected":false},"author":1,"featured_media":22757,"comment_status":"open","ping_status":"open","sticky":false,"template":"","format":"standard","meta":{"footnotes":"","_links_to":"","_links_to_target":""},"categories":[1],"tags":[],"class_list":["post-22756","post","type-post","status-publish","format-standard","has-post-thumbnail","hentry","category-haberler"],"_links":{"self":[{"href":"https:\/\/www.abchukuk.com\/index.php\/wp-json\/wp\/v2\/posts\/22756","targetHints":{"allow":["GET"]}}],"collection":[{"href":"https:\/\/www.abchukuk.com\/index.php\/wp-json\/wp\/v2\/posts"}],"about":[{"href":"https:\/\/www.abchukuk.com\/index.php\/wp-json\/wp\/v2\/types\/post"}],"author":[{"embeddable":true,"href":"https:\/\/www.abchukuk.com\/index.php\/wp-json\/wp\/v2\/users\/1"}],"replies":[{"embeddable":true,"href":"https:\/\/www.abchukuk.com\/index.php\/wp-json\/wp\/v2\/comments?post=22756"}],"version-history":[{"count":0,"href":"https:\/\/www.abchukuk.com\/index.php\/wp-json\/wp\/v2\/posts\/22756\/revisions"}],"wp:featuredmedia":[{"embeddable":true,"href":"https:\/\/www.abchukuk.com\/index.php\/wp-json\/wp\/v2\/media\/22757"}],"wp:attachment":[{"href":"https:\/\/www.abchukuk.com\/index.php\/wp-json\/wp\/v2\/media?parent=22756"}],"wp:term":[{"taxonomy":"category","embeddable":true,"href":"https:\/\/www.abchukuk.com\/index.php\/wp-json\/wp\/v2\/categories?post=22756"},{"taxonomy":"post_tag","embeddable":true,"href":"https:\/\/www.abchukuk.com\/index.php\/wp-json\/wp\/v2\/tags?post=22756"}],"curies":[{"name":"wp","href":"https:\/\/api.w.org\/{rel}","templated":true}]}}