{"id":22752,"date":"2026-03-10T08:51:30","date_gmt":"2026-03-10T08:51:30","guid":{"rendered":"https:\/\/www.abchukuk.com\/index.php\/2026\/03\/10\/istanbulda-gorev-yapan-hakim-ve-savcilara-yerinde-kalma-guvencesi\/"},"modified":"2026-03-10T08:51:30","modified_gmt":"2026-03-10T08:51:30","slug":"istanbulda-gorev-yapan-hakim-ve-savcilara-yerinde-kalma-guvencesi","status":"publish","type":"post","link":"https:\/\/www.abchukuk.com\/index.php\/2026\/03\/10\/istanbulda-gorev-yapan-hakim-ve-savcilara-yerinde-kalma-guvencesi\/","title":{"rendered":"\u0130stanbul\u2019da g\u00f6rev yapan h\u00e2kim ve savc\u0131lara \u201cyerinde kalma\u201d g\u00fcvencesi"},"content":{"rendered":"<p>H\u00e2kimler ve Savc\u0131lar Kurulu\u2019nda (HSK) yarg\u0131 te\u015fkilat\u0131n\u0131 yak\u0131ndan ilgilendiren yeni bir ilke karar\u0131 \u00fczerinde \u00e7al\u0131\u015f\u0131ld\u0131\u011f\u0131 \u00f6\u011frenildi. Edinilen bilgilere g\u00f6re, kura ile \u0130stanbul\u2019a atananlar hari\u00e7 olmak \u00fczere ikinci ya da daha sonraki g\u00f6revlerinde \u0130stanbul\u2019a atanm\u0131\u015f olan h\u00e2kim ve savc\u0131lar, kendi talepleri d\u0131\u015f\u0131nda \u0130stanbul d\u0131\u015f\u0131na atanmayacak. HSK\u2019da \u00f6n de\u011ferlendirmesi yap\u0131lan d\u00fczenlemenin k\u0131sa s\u00fcre i\u00e7inde y\u00fcr\u00fcrl\u00fc\u011fe girmesi bekleniyor.<\/p>\n<p>\u0130STANBUL\u2019DA G\u00d6REV YAPANLARA YEN\u0130 G\u00dcVENCE<\/p>\n<p>Yarg\u0131 kulislerinde \u201cyerinde kalma ilkesi\u201d olarak de\u011ferlendirilen d\u00fczenlemeye g\u00f6re, meslek hayat\u0131n\u0131n ilerleyen a\u015famalar\u0131nda \u0130stanbul\u2019a atanm\u0131\u015f olan h\u00e2kim ve savc\u0131lar, g\u00f6revlerini s\u00fcrd\u00fcrd\u00fckleri s\u00fcrece \u0130stanbul\u2019dan ba\u015fka bir ile zorunlu olarak g\u00f6nderilmeyecek. B\u00f6ylece \u00f6zellikle b\u00fcy\u00fck \u015fehirde g\u00f6rev yapan ve belirli bir kariyer a\u015famas\u0131na gelmi\u015f yarg\u0131 mensuplar\u0131n\u0131n, kendi talepleri d\u0131\u015f\u0131nda yeniden yer de\u011fi\u015fikli\u011fi ya\u015famalar\u0131n\u0131n \u00f6n\u00fcne ge\u00e7ilmesi hedefleniyor.<\/p>\n<p>DO\u011eU H\u0130ZMET\u0130 \u0130STANBUL\u2019DA SAYILACAK<\/p>\n<p>Taslak ilke karar\u0131nda dikkat \u00e7eken bir di\u011fer ba\u015fl\u0131k ise do\u011fu hizmetine ili\u015fkin d\u00fczenleme. Buna g\u00f6re \u0130stanbul\u2019da g\u00f6rev yapan baz\u0131 yarg\u0131 mensuplar\u0131n\u0131n do\u011fu b\u00f6lgesi hizmetlerinin \u0130stanbul\u2019daki g\u00f6rev s\u00fcreleri i\u00e7erisinde de\u011ferlendirilmesi y\u00f6n\u00fcnde bir uygulaman\u0131n da g\u00fcndemde oldu\u011fu belirtiliyor. B\u00f6ylece \u00f6zellikle uzun y\u0131llar farkl\u0131 b\u00f6lgelerde g\u00f6rev yapt\u0131ktan sonra \u0130stanbul\u2019a atanm\u0131\u015f olan h\u00e2kim ve savc\u0131lar\u0131n mesleki planlamalar\u0131n\u0131n daha \u00f6ng\u00f6r\u00fclebilir hale gelmesi ama\u00e7lan\u0131yor.<\/p>\n<p>G\u00dcRLEK VE \u00d6ZDEM\u0130R\u2019\u0130N \u00d6NCEL\u0130K VERD\u0130\u011e\u0130 BA\u015eLIK<\/p>\n<p>Yarg\u0131 \u00e7evrelerinde konu\u015fulan bilgilere g\u00f6re s\u00f6z konusu ilke karar\u0131n\u0131n haz\u0131rl\u0131k s\u00fcrecinde, \u0130stanbul\u2019dan HSK \u00fcyeli\u011fine se\u00e7ilen Sait \u00d6zdemir ile \u0130stanbul Cumhuriyet Ba\u015fsavc\u0131l\u0131\u011f\u0131 g\u00f6revini y\u00fcr\u00fctt\u00fc\u011f\u00fc d\u00f6nemde bu konuyu g\u00fcndeme getiren ve \u015fu anda Adalet Bakan\u0131 olarak g\u00f6rev yapan Ak\u0131n G\u00fcrlek\u2019in yak\u0131ndan ilgilendi\u011fi ifade ediliyor. HSK\u2019da yap\u0131lan \u00f6n toplant\u0131larda prensip olarak mutabakat sa\u011fland\u0131\u011f\u0131 ve d\u00fczenlemenin yak\u0131n zamanda resmiyet kazanmas\u0131n\u0131n beklendi\u011fi belirtiliyor.<\/p>\n<p>YARGI TE\u015eK\u0130LATINDA MEMNUN\u0130YET BEKLENT\u0130S\u0130<\/p>\n<p>\u0130stanbul\u2019da g\u00f6rev yapan h\u00e2kim ve savc\u0131lar a\u00e7\u0131s\u0131ndan \u00f6nemli bir g\u00fcvence sa\u011flayaca\u011f\u0131 ifade edilen d\u00fczenlemenin, \u00f6zellikle b\u00fcy\u00fck \u015fehirde g\u00f6rev yapan yarg\u0131 mensuplar\u0131n\u0131n mesleki planlamalar\u0131na istikrar kazand\u0131rmas\u0131 bekleniyor. Yarg\u0131 kulislerinde \u201cm\u00fcjde niteli\u011finde\u201d olarak de\u011ferlendirilen ilke karar\u0131n\u0131n HSK Genel Kurulu\u2019nda yap\u0131lacak de\u011ferlendirmelerin ard\u0131ndan y\u00fcr\u00fcrl\u00fc\u011fe girmesi \u00f6ng\u00f6r\u00fcl\u00fcyor.<\/p>\n<p>H\u00e2kimler ve Savc\u0131lar Kurulu\u2019nda (HSK) yarg\u0131 te\u015fkilat\u0131n\u0131 yak\u0131ndan ilgilendiren yeni bir ilke karar\u0131 \u00fczerinde \u00e7al\u0131\u015f\u0131ld\u0131\u011f\u0131 \u00f6\u011frenildi. Edinilen bilgilere g\u00f6re, kura ile \u0130stanbul\u2019a atananlar hari\u00e7 olmak \u00fczere ikinci ya da daha sonraki g\u00f6revlerinde \u0130stanbul\u2019a atanm\u0131\u015f olan h\u00e2kim ve savc\u0131lar, kendi talepleri d\u0131\u015f\u0131nda \u0130stanbul d\u0131\u015f\u0131na atanmayacak. HSK\u2019da \u00f6n de\u011ferlendirmesi yap\u0131lan d\u00fczenlemenin k\u0131sa s\u00fcre i\u00e7inde y\u00fcr\u00fcrl\u00fc\u011fe girmesi bekleniyor.\u00a0<a href=\"https:\/\/www.son.tv\/istanbulda-gorev-yapan-hakim-ve-savcilara-yerinde-kalma-guvencesi\/\" target=\"_blank\" class=\"feedzy-rss-link-icon\">Read More<\/a><\/p>","protected":false},"excerpt":{"rendered":"<p>H\u00e2kimler ve Savc\u0131lar Kurulu\u2019nda (HSK) yarg\u0131 te\u015fkilat\u0131n\u0131 yak\u0131ndan ilgilendiren yeni bir ilke karar\u0131 \u00fczerinde \u00e7al\u0131\u015f\u0131ld\u0131\u011f\u0131 \u00f6\u011frenildi. Edinilen bilgilere g\u00f6re, kura ile \u0130stanbul\u2019a atananlar hari\u00e7 olmak \u00fczere ikinci ya da daha sonraki g\u00f6revlerinde \u0130stanbul\u2019a atanm\u0131\u015f olan h\u00e2kim ve savc\u0131lar, kendi talepleri d\u0131\u015f\u0131nda \u0130stanbul d\u0131\u015f\u0131na atanmayacak. HSK\u2019da \u00f6n de\u011ferlendirmesi yap\u0131lan d\u00fczenlemenin k\u0131sa s\u00fcre i\u00e7inde y\u00fcr\u00fcrl\u00fc\u011fe girmesi bekleniyor. [&hellip;]<\/p>\n","protected":false},"author":1,"featured_media":0,"comment_status":"open","ping_status":"open","sticky":false,"template":"","format":"standard","meta":{"footnotes":"","_links_to":"","_links_to_target":""},"categories":[1],"tags":[],"class_list":["post-22752","post","type-post","status-publish","format-standard","hentry","category-haberler"],"_links":{"self":[{"href":"https:\/\/www.abchukuk.com\/index.php\/wp-json\/wp\/v2\/posts\/22752","targetHints":{"allow":["GET"]}}],"collection":[{"href":"https:\/\/www.abchukuk.com\/index.php\/wp-json\/wp\/v2\/posts"}],"about":[{"href":"https:\/\/www.abchukuk.com\/index.php\/wp-json\/wp\/v2\/types\/post"}],"author":[{"embeddable":true,"href":"https:\/\/www.abchukuk.com\/index.php\/wp-json\/wp\/v2\/users\/1"}],"replies":[{"embeddable":true,"href":"https:\/\/www.abchukuk.com\/index.php\/wp-json\/wp\/v2\/comments?post=22752"}],"version-history":[{"count":0,"href":"https:\/\/www.abchukuk.com\/index.php\/wp-json\/wp\/v2\/posts\/22752\/revisions"}],"wp:attachment":[{"href":"https:\/\/www.abchukuk.com\/index.php\/wp-json\/wp\/v2\/media?parent=22752"}],"wp:term":[{"taxonomy":"category","embeddable":true,"href":"https:\/\/www.abchukuk.com\/index.php\/wp-json\/wp\/v2\/categories?post=22752"},{"taxonomy":"post_tag","embeddable":true,"href":"https:\/\/www.abchukuk.com\/index.php\/wp-json\/wp\/v2\/tags?post=22752"}],"curies":[{"name":"wp","href":"https:\/\/api.w.org\/{rel}","templated":true}]}}