{"id":22751,"date":"2026-03-10T06:22:56","date_gmt":"2026-03-10T06:22:56","guid":{"rendered":"https:\/\/www.abchukuk.com\/index.php\/2026\/03\/10\/istanbulda-isid-operasyonu-13-kisi-gozaltina-alindi\/"},"modified":"2026-03-10T06:22:56","modified_gmt":"2026-03-10T06:22:56","slug":"istanbulda-isid-operasyonu-13-kisi-gozaltina-alindi","status":"publish","type":"post","link":"https:\/\/www.abchukuk.com\/index.php\/2026\/03\/10\/istanbulda-isid-operasyonu-13-kisi-gozaltina-alindi\/","title":{"rendered":"\u0130stanbul&#8217;da I\u015e\u0130D operasyonu: 13 ki\u015fi g\u00f6zalt\u0131na al\u0131nd\u0131"},"content":{"rendered":"<p>\u0130stanbul Emniyet M\u00fcd\u00fcrl\u00fc\u011f\u00fc Ter\u00f6rle M\u00fccadele \u015eube M\u00fcd\u00fcrl\u00fc\u011f\u00fc ile \u0130stihbarat \u015eube M\u00fcd\u00fcrl\u00fc\u011f\u00fc ekipleri taraf\u0131ndan I\u015e\u0130D silahl\u0131 ter\u00f6r \u00f6rg\u00fct\u00fcne y\u00f6nelik operasyon d\u00fczenlendi.\u0130stanbul Emniyet M\u00fcd\u00fcrl\u00fc\u011f\u00fc Ter\u00f6rle M\u00fccadele \u015eube M\u00fcd\u00fcrl\u00fc\u011f\u00fc ile \u0130stihbarat \u015eube M\u00fcd\u00fcrl\u00fc\u011f\u00fc ekipleri taraf\u0131ndan I\u015e\u0130D silahl\u0131 ter\u00f6r \u00f6rg\u00fct\u00fcne y\u00f6nelik operasyon d\u00fczenlendi.\u00a0<a href=\"http:\/\/tr.euronews.com\/2026\/03\/10\/istanbulda-isid-operasyonu-13-kisi-gozaltina-alindi\" target=\"_blank\" class=\"feedzy-rss-link-icon\">Read More<\/a><\/p>","protected":false},"excerpt":{"rendered":"<p>\u0130stanbul Emniyet M\u00fcd\u00fcrl\u00fc\u011f\u00fc Ter\u00f6rle M\u00fccadele \u015eube M\u00fcd\u00fcrl\u00fc\u011f\u00fc ile \u0130stihbarat \u015eube M\u00fcd\u00fcrl\u00fc\u011f\u00fc ekipleri taraf\u0131ndan I\u015e\u0130D silahl\u0131 ter\u00f6r \u00f6rg\u00fct\u00fcne y\u00f6nelik operasyon d\u00fczenlendi.\u0130stanbul Emniyet M\u00fcd\u00fcrl\u00fc\u011f\u00fc Ter\u00f6rle M\u00fccadele \u015eube M\u00fcd\u00fcrl\u00fc\u011f\u00fc ile \u0130stihbarat \u015eube M\u00fcd\u00fcrl\u00fc\u011f\u00fc ekipleri taraf\u0131ndan I\u015e\u0130D silahl\u0131 ter\u00f6r \u00f6rg\u00fct\u00fcne y\u00f6nelik operasyon d\u00fczenlendi.\u00a0Read More<\/p>\n","protected":false},"author":1,"featured_media":0,"comment_status":"open","ping_status":"open","sticky":false,"template":"","format":"standard","meta":{"footnotes":"","_links_to":"","_links_to_target":""},"categories":[1],"tags":[],"class_list":["post-22751","post","type-post","status-publish","format-standard","hentry","category-haberler"],"_links":{"self":[{"href":"https:\/\/www.abchukuk.com\/index.php\/wp-json\/wp\/v2\/posts\/22751","targetHints":{"allow":["GET"]}}],"collection":[{"href":"https:\/\/www.abchukuk.com\/index.php\/wp-json\/wp\/v2\/posts"}],"about":[{"href":"https:\/\/www.abchukuk.com\/index.php\/wp-json\/wp\/v2\/types\/post"}],"author":[{"embeddable":true,"href":"https:\/\/www.abchukuk.com\/index.php\/wp-json\/wp\/v2\/users\/1"}],"replies":[{"embeddable":true,"href":"https:\/\/www.abchukuk.com\/index.php\/wp-json\/wp\/v2\/comments?post=22751"}],"version-history":[{"count":0,"href":"https:\/\/www.abchukuk.com\/index.php\/wp-json\/wp\/v2\/posts\/22751\/revisions"}],"wp:attachment":[{"href":"https:\/\/www.abchukuk.com\/index.php\/wp-json\/wp\/v2\/media?parent=22751"}],"wp:term":[{"taxonomy":"category","embeddable":true,"href":"https:\/\/www.abchukuk.com\/index.php\/wp-json\/wp\/v2\/categories?post=22751"},{"taxonomy":"post_tag","embeddable":true,"href":"https:\/\/www.abchukuk.com\/index.php\/wp-json\/wp\/v2\/tags?post=22751"}],"curies":[{"name":"wp","href":"https:\/\/api.w.org\/{rel}","templated":true}]}}