{"id":22737,"date":"2026-03-10T03:41:58","date_gmt":"2026-03-10T03:41:58","guid":{"rendered":"https:\/\/www.abchukuk.com\/index.php\/2026\/03\/10\/ekrem-imamoglunun-da-yargilandigi-ibb-davasinda-ikinci-gun\/"},"modified":"2026-03-10T03:41:58","modified_gmt":"2026-03-10T03:41:58","slug":"ekrem-imamoglunun-da-yargilandigi-ibb-davasinda-ikinci-gun","status":"publish","type":"post","link":"https:\/\/www.abchukuk.com\/index.php\/2026\/03\/10\/ekrem-imamoglunun-da-yargilandigi-ibb-davasinda-ikinci-gun\/","title":{"rendered":"Ekrem \u0130mamo\u011flu&#8217;nun da yarg\u0131land\u0131\u011f\u0131 \u0130BB davas\u0131nda ikinci g\u00fcn"},"content":{"rendered":"<p>\u0130stanbul B\u00fcy\u00fck\u015fehir Belediye Ba\u015fkanl\u0131\u011f\u0131&#8217;ndan (\u0130BB) uzakla\u015ft\u0131r\u0131lan Ekrem \u0130mamo\u011flu&#8217;nun da aralar\u0131nda bulundu\u011fu 107&#8217;si tutuklu 402 ki\u015finin yarg\u0131land\u0131\u011f\u0131 \u0130BB davas\u0131nda duru\u015fma bug\u00fcn TS\u0130 10:00&#8217;da devam edecek.\u0130stanbul B\u00fcy\u00fck\u015fehir Belediye Ba\u015fkanl\u0131\u011f\u0131&#8217;ndan (\u0130BB) uzakla\u015ft\u0131r\u0131lan Ekrem \u0130mamo\u011flu&#8217;nun da aralar\u0131nda bulundu\u011fu 107&#8217;si tutuklu 402 ki\u015finin yarg\u0131land\u0131\u011f\u0131 \u0130BB davas\u0131nda duru\u015fma bug\u00fcn TS\u0130 10:00&#8217;da devam edecek.\u00a0<a href=\"https:\/\/www.bbc.com\/turkce\/articles\/cjd9gjpk19eo?at_medium=RSS&amp;at_campaign=rss\" target=\"_blank\" class=\"feedzy-rss-link-icon\">Read More<\/a><\/p>","protected":false},"excerpt":{"rendered":"<p>\u0130stanbul B\u00fcy\u00fck\u015fehir Belediye Ba\u015fkanl\u0131\u011f\u0131&#8217;ndan (\u0130BB) uzakla\u015ft\u0131r\u0131lan Ekrem \u0130mamo\u011flu&#8217;nun da aralar\u0131nda bulundu\u011fu 107&#8217;si tutuklu 402 ki\u015finin yarg\u0131land\u0131\u011f\u0131 \u0130BB davas\u0131nda duru\u015fma bug\u00fcn TS\u0130 10:00&#8217;da devam edecek.\u0130stanbul B\u00fcy\u00fck\u015fehir Belediye Ba\u015fkanl\u0131\u011f\u0131&#8217;ndan (\u0130BB) uzakla\u015ft\u0131r\u0131lan Ekrem \u0130mamo\u011flu&#8217;nun da aralar\u0131nda bulundu\u011fu 107&#8217;si tutuklu 402 ki\u015finin yarg\u0131land\u0131\u011f\u0131 \u0130BB davas\u0131nda duru\u015fma bug\u00fcn TS\u0130 10:00&#8217;da devam edecek.\u00a0Read More<\/p>\n","protected":false},"author":1,"featured_media":22738,"comment_status":"open","ping_status":"open","sticky":false,"template":"","format":"standard","meta":{"footnotes":"","_links_to":"","_links_to_target":""},"categories":[1],"tags":[],"class_list":["post-22737","post","type-post","status-publish","format-standard","has-post-thumbnail","hentry","category-haberler"],"_links":{"self":[{"href":"https:\/\/www.abchukuk.com\/index.php\/wp-json\/wp\/v2\/posts\/22737","targetHints":{"allow":["GET"]}}],"collection":[{"href":"https:\/\/www.abchukuk.com\/index.php\/wp-json\/wp\/v2\/posts"}],"about":[{"href":"https:\/\/www.abchukuk.com\/index.php\/wp-json\/wp\/v2\/types\/post"}],"author":[{"embeddable":true,"href":"https:\/\/www.abchukuk.com\/index.php\/wp-json\/wp\/v2\/users\/1"}],"replies":[{"embeddable":true,"href":"https:\/\/www.abchukuk.com\/index.php\/wp-json\/wp\/v2\/comments?post=22737"}],"version-history":[{"count":0,"href":"https:\/\/www.abchukuk.com\/index.php\/wp-json\/wp\/v2\/posts\/22737\/revisions"}],"wp:featuredmedia":[{"embeddable":true,"href":"https:\/\/www.abchukuk.com\/index.php\/wp-json\/wp\/v2\/media\/22738"}],"wp:attachment":[{"href":"https:\/\/www.abchukuk.com\/index.php\/wp-json\/wp\/v2\/media?parent=22737"}],"wp:term":[{"taxonomy":"category","embeddable":true,"href":"https:\/\/www.abchukuk.com\/index.php\/wp-json\/wp\/v2\/categories?post=22737"},{"taxonomy":"post_tag","embeddable":true,"href":"https:\/\/www.abchukuk.com\/index.php\/wp-json\/wp\/v2\/tags?post=22737"}],"curies":[{"name":"wp","href":"https:\/\/api.w.org\/{rel}","templated":true}]}}