{"id":22734,"date":"2026-03-09T11:43:06","date_gmt":"2026-03-09T11:43:06","guid":{"rendered":"https:\/\/www.abchukuk.com\/index.php\/2026\/03\/09\/cin-iranin-lider-secimi-anayasasina-uygun\/"},"modified":"2026-03-09T11:43:06","modified_gmt":"2026-03-09T11:43:06","slug":"cin-iranin-lider-secimi-anayasasina-uygun","status":"publish","type":"post","link":"https:\/\/www.abchukuk.com\/index.php\/2026\/03\/09\/cin-iranin-lider-secimi-anayasasina-uygun\/","title":{"rendered":"\u00c7in: \u0130ran&#8217;\u0131n lider se\u00e7imi anayasas\u0131na uygun"},"content":{"rendered":"<p>\u00c7in, \u0130ran lideri Ayetullah Ali Hamaney&#8217;in 28 \u015eubat&#8217;ta ABD ve \u0130srail taraf\u0131ndan d\u00fczenlenen hava sald\u0131r\u0131s\u0131nda hayat\u0131n\u0131 kaybetmesinin ard\u0131ndan o\u011flu M\u00fccteba Hamaney&#8217;in liderlik makam\u0131na se\u00e7ilmesini, \u0130ran&#8217;\u0131n i\u00e7 i\u015fi ve anayasas\u0131na uygun al\u0131nm\u0131\u015f bir karar olarak de\u011ferlendirdi\u011fini bildirdi.\u00c7in, \u0130ran lideri Ayetullah Ali Hamaney&#8217;in 28 \u015eubat&#8217;ta ABD ve \u0130srail taraf\u0131ndan d\u00fczenlenen hava sald\u0131r\u0131s\u0131nda hayat\u0131n\u0131 kaybetmesinin ard\u0131ndan o\u011flu M\u00fccteba Hamaney&#8217;in liderlik makam\u0131na se\u00e7ilmesini, \u0130ran&#8217;\u0131n i\u00e7 i\u015fi ve anayasas\u0131na uygun al\u0131nm\u0131\u015f bir karar olarak de\u011ferlendirdi\u011fini bildirdi.\u00a0<a href=\"https:\/\/www.haberturk.com\/cin-lider-secimi-iran-in-ic-isi-ulkenin-anayasasina-uygun-alinmis-bir-karardir-3868280\" target=\"_blank\" class=\"feedzy-rss-link-icon\">Read More<\/a><\/p>","protected":false},"excerpt":{"rendered":"<p>\u00c7in, \u0130ran lideri Ayetullah Ali Hamaney&#8217;in 28 \u015eubat&#8217;ta ABD ve \u0130srail taraf\u0131ndan d\u00fczenlenen hava sald\u0131r\u0131s\u0131nda hayat\u0131n\u0131 kaybetmesinin ard\u0131ndan o\u011flu M\u00fccteba Hamaney&#8217;in liderlik makam\u0131na se\u00e7ilmesini, \u0130ran&#8217;\u0131n i\u00e7 i\u015fi ve anayasas\u0131na uygun al\u0131nm\u0131\u015f bir karar olarak de\u011ferlendirdi\u011fini bildirdi.\u00c7in, \u0130ran lideri Ayetullah Ali Hamaney&#8217;in 28 \u015eubat&#8217;ta ABD ve \u0130srail taraf\u0131ndan d\u00fczenlenen hava sald\u0131r\u0131s\u0131nda hayat\u0131n\u0131 kaybetmesinin ard\u0131ndan o\u011flu M\u00fccteba [&hellip;]<\/p>\n","protected":false},"author":1,"featured_media":0,"comment_status":"open","ping_status":"open","sticky":false,"template":"","format":"standard","meta":{"footnotes":"","_links_to":"","_links_to_target":""},"categories":[1],"tags":[],"class_list":["post-22734","post","type-post","status-publish","format-standard","hentry","category-haberler"],"_links":{"self":[{"href":"https:\/\/www.abchukuk.com\/index.php\/wp-json\/wp\/v2\/posts\/22734","targetHints":{"allow":["GET"]}}],"collection":[{"href":"https:\/\/www.abchukuk.com\/index.php\/wp-json\/wp\/v2\/posts"}],"about":[{"href":"https:\/\/www.abchukuk.com\/index.php\/wp-json\/wp\/v2\/types\/post"}],"author":[{"embeddable":true,"href":"https:\/\/www.abchukuk.com\/index.php\/wp-json\/wp\/v2\/users\/1"}],"replies":[{"embeddable":true,"href":"https:\/\/www.abchukuk.com\/index.php\/wp-json\/wp\/v2\/comments?post=22734"}],"version-history":[{"count":0,"href":"https:\/\/www.abchukuk.com\/index.php\/wp-json\/wp\/v2\/posts\/22734\/revisions"}],"wp:attachment":[{"href":"https:\/\/www.abchukuk.com\/index.php\/wp-json\/wp\/v2\/media?parent=22734"}],"wp:term":[{"taxonomy":"category","embeddable":true,"href":"https:\/\/www.abchukuk.com\/index.php\/wp-json\/wp\/v2\/categories?post=22734"},{"taxonomy":"post_tag","embeddable":true,"href":"https:\/\/www.abchukuk.com\/index.php\/wp-json\/wp\/v2\/tags?post=22734"}],"curies":[{"name":"wp","href":"https:\/\/api.w.org\/{rel}","templated":true}]}}