{"id":22730,"date":"2026-03-09T22:42:23","date_gmt":"2026-03-09T22:42:23","guid":{"rendered":"https:\/\/www.abchukuk.com\/index.php\/2026\/03\/09\/istanbul-su-kesintisi-sorgulama-ekrani-10\/"},"modified":"2026-03-09T22:42:23","modified_gmt":"2026-03-09T22:42:23","slug":"istanbul-su-kesintisi-sorgulama-ekrani-10","status":"publish","type":"post","link":"https:\/\/www.abchukuk.com\/index.php\/2026\/03\/09\/istanbul-su-kesintisi-sorgulama-ekrani-10\/","title":{"rendered":"\u0130stanbul su kesintisi sorgulama ekran\u0131"},"content":{"rendered":"<p>\u0130stanbul su kesintisi program\u0131 payla\u015f\u0131ld\u0131. \u0130stanbul Su ve Kanalizasyon \u0130daresi taraf\u0131ndan g\u00fcnl\u00fck olarak a\u00e7\u0131klanan g\u00fcncel su kesintisi duyurular\u0131 ile planl\u0131 kesinti sorgulama ekran\u0131 g\u00fcndeme geldi. \u0130stanbul Anadolu ve Avrupa yakas\u0131nda birka\u00e7 il\u00e7ede su kesintisi ya\u015fanacak. Peki, \u0130stanbul&#8217;da su kesintisi olan il\u00e7eler hangileri? \u0130\u015fte 10 Mart 2026 Sal\u0131 \u0130SK\u0130 planl\u0131 su kesintileri&#8230;\u0130stanbul su kesintisi program\u0131 payla\u015f\u0131ld\u0131. \u0130stanbul Su ve Kanalizasyon \u0130daresi taraf\u0131ndan g\u00fcnl\u00fck olarak a\u00e7\u0131klanan g\u00fcncel su kesintisi duyurular\u0131 ile planl\u0131 kesinti sorgulama ekran\u0131 g\u00fcndeme geldi. \u0130stanbul Anadolu ve Avrupa yakas\u0131nda birka\u00e7 il\u00e7ede su kesintisi ya\u015fanacak. Peki, \u0130stanbul&#8217;da su kesintisi olan il\u00e7eler hangileri? \u0130\u015fte 10 Mart 2026 Sal\u0131 \u0130SK\u0130 planl\u0131 su kesintileri&#8230;\u00a0<a href=\"https:\/\/www.haberturk.com\/iski-istanbul-su-kesintileri-10-mart-2026-sali-istanbul-da-sular-ne-zaman-saat-kacta-gelecek-3868369\" target=\"_blank\" class=\"feedzy-rss-link-icon\">Read More<\/a><\/p>","protected":false},"excerpt":{"rendered":"<p>\u0130stanbul su kesintisi program\u0131 payla\u015f\u0131ld\u0131. \u0130stanbul Su ve Kanalizasyon \u0130daresi taraf\u0131ndan g\u00fcnl\u00fck olarak a\u00e7\u0131klanan g\u00fcncel su kesintisi duyurular\u0131 ile planl\u0131 kesinti sorgulama ekran\u0131 g\u00fcndeme geldi. \u0130stanbul Anadolu ve Avrupa yakas\u0131nda birka\u00e7 il\u00e7ede su kesintisi ya\u015fanacak. Peki, \u0130stanbul&#8217;da su kesintisi olan il\u00e7eler hangileri? \u0130\u015fte 10 Mart 2026 Sal\u0131 \u0130SK\u0130 planl\u0131 su kesintileri&#8230;\u0130stanbul su kesintisi program\u0131 payla\u015f\u0131ld\u0131. [&hellip;]<\/p>\n","protected":false},"author":1,"featured_media":0,"comment_status":"open","ping_status":"open","sticky":false,"template":"","format":"standard","meta":{"footnotes":"","_links_to":"","_links_to_target":""},"categories":[1],"tags":[],"class_list":["post-22730","post","type-post","status-publish","format-standard","hentry","category-haberler"],"_links":{"self":[{"href":"https:\/\/www.abchukuk.com\/index.php\/wp-json\/wp\/v2\/posts\/22730","targetHints":{"allow":["GET"]}}],"collection":[{"href":"https:\/\/www.abchukuk.com\/index.php\/wp-json\/wp\/v2\/posts"}],"about":[{"href":"https:\/\/www.abchukuk.com\/index.php\/wp-json\/wp\/v2\/types\/post"}],"author":[{"embeddable":true,"href":"https:\/\/www.abchukuk.com\/index.php\/wp-json\/wp\/v2\/users\/1"}],"replies":[{"embeddable":true,"href":"https:\/\/www.abchukuk.com\/index.php\/wp-json\/wp\/v2\/comments?post=22730"}],"version-history":[{"count":0,"href":"https:\/\/www.abchukuk.com\/index.php\/wp-json\/wp\/v2\/posts\/22730\/revisions"}],"wp:attachment":[{"href":"https:\/\/www.abchukuk.com\/index.php\/wp-json\/wp\/v2\/media?parent=22730"}],"wp:term":[{"taxonomy":"category","embeddable":true,"href":"https:\/\/www.abchukuk.com\/index.php\/wp-json\/wp\/v2\/categories?post=22730"},{"taxonomy":"post_tag","embeddable":true,"href":"https:\/\/www.abchukuk.com\/index.php\/wp-json\/wp\/v2\/tags?post=22730"}],"curies":[{"name":"wp","href":"https:\/\/api.w.org\/{rel}","templated":true}]}}