{"id":22728,"date":"2026-03-10T01:48:18","date_gmt":"2026-03-10T01:48:18","guid":{"rendered":"https:\/\/www.abchukuk.com\/index.php\/2026\/03\/10\/sontv-ozel-haber-5-leventte-hakim-ve-savcilara-74-yeni-lojman-gop-adliyesine-yurume-mesafesinde-buyuk-kolaylik\/"},"modified":"2026-03-10T01:48:18","modified_gmt":"2026-03-10T01:48:18","slug":"sontv-ozel-haber-5-leventte-hakim-ve-savcilara-74-yeni-lojman-gop-adliyesine-yurume-mesafesinde-buyuk-kolaylik","status":"publish","type":"post","link":"https:\/\/www.abchukuk.com\/index.php\/2026\/03\/10\/sontv-ozel-haber-5-leventte-hakim-ve-savcilara-74-yeni-lojman-gop-adliyesine-yurume-mesafesinde-buyuk-kolaylik\/","title":{"rendered":"SONTV- \u00d6ZEL HABER | 5. Levent\u2019te Hakim ve Savc\u0131lara 74 Yeni Lojman ! GOP Adliyesi\u2019ne Y\u00fcr\u00fcme Mesafesinde B\u00fcy\u00fck Kolayl\u0131k"},"content":{"rendered":"<p class=\"p1\">\u0130stanbul\u2019da g\u00f6rev yapan hakim ve savc\u0131lar\u0131n konut ihtiyac\u0131na y\u00f6nelik \u00f6nemli bir ad\u0131m daha at\u0131l\u0131yor. Gaziosmanpa\u015fa Adliyesi\u2019ne y\u00fcr\u00fcme mesafesinde bulunan 5. Levent Mahallesi\u2019ndeki Vak\u0131flar Genel M\u00fcd\u00fcrl\u00fc\u011f\u00fc\u2019ne ait 74 dairenin yap\u0131lacak protokolle lojman olarak hizmete girmesi bekleniyor. Edinilen bilgilere g\u00f6re modern mimari anlay\u0131\u015fla planlanan dairelerin tamam\u0131 3+1 olarak tasarland\u0131. Projenin \u00f6zellikle Gaziosmanpa\u015fa Adliyesi\u2019nde g\u00f6rev yapan hakim ve savc\u0131lar\u0131n bar\u0131nma ihtiyac\u0131n\u0131 \u00f6nemli \u00f6l\u00e7\u00fcde rahatlataca\u011f\u0131 ifade ediliyor.<\/p>\n<p><a href=\"https:\/\/www.son.tv\/wp-content\/uploads\/2026\/03\/638dd11a-eb5b-44e4-adfb-ee52b899753e.jpeg\"><img fetchpriority=\"high\" decoding=\"async\" class=\"alignnone size-full wp-image-168985\" src=\"https:\/\/www.son.tv\/wp-content\/uploads\/2026\/03\/638dd11a-eb5b-44e4-adfb-ee52b899753e.jpeg\" alt=\"\" width=\"474\" height=\"252\" \/><\/a><\/p>\n<p class=\"p1\"><span class=\"s1\">Ba\u015fsavc\u0131 Hasan Dalak\u2019tan Yo\u011fun Lojman Diplomasisi<\/span><\/p>\n<p class=\"p1\"><span class=\"s1\">Gaziosmanpa\u015fa Cumhuriyet Ba\u015fsavc\u0131s\u0131 Hasan Dalak\u2019\u0131n, adliyede g\u00f6rev yapan hakim ve savc\u0131lar\u0131n konut ihtiyac\u0131n\u0131n giderilmesi i\u00e7in uzun s\u00fcredir yo\u011fun bir diplomasi y\u00fcr\u00fctt\u00fc\u011f\u00fc \u00f6\u011frenildi. Yarg\u0131 kulislerinde konu\u015fulan bilgilere g\u00f6re Ba\u015fsavc\u0131 Dalak\u2019\u0131n, s\u00f6z konusu dairelerin lojman olarak tahsis edilmesi amac\u0131yla Adalet Bakanl\u0131\u011f\u0131 nezdinde giri\u015fimlerde bulundu\u011fu ve Vak\u0131flar Genel M\u00fcd\u00fcrl\u00fc\u011f\u00fc ile temas halinde oldu\u011fu ifade ediliyor. Yap\u0131lacak protokolle birlikte Vak\u0131flar Genel M\u00fcd\u00fcrl\u00fc\u011f\u00fc\u2019ne ait dairelerin lojman olarak yarg\u0131 mensuplar\u0131n\u0131n kullan\u0131m\u0131na sunulmas\u0131n\u0131n planland\u0131\u011f\u0131 belirtiliyor.<\/span><\/p>\n<p><a href=\"https:\/\/www.son.tv\/wp-content\/uploads\/2026\/03\/e7ddf9e1-7154-4de0-90c7-095978fa7225.jpeg\"><img decoding=\"async\" class=\"alignnone size-full wp-image-168984\" src=\"https:\/\/www.son.tv\/wp-content\/uploads\/2026\/03\/e7ddf9e1-7154-4de0-90c7-095978fa7225.jpeg\" alt=\"\" width=\"750\" height=\"558\" \/><\/a><\/p>\n<p class=\"p1\"><span class=\"s1\">Ak\u0131n G\u00fcrlek D\u00f6neminde Ba\u015flad\u0131, Bakanl\u0131kta H\u0131z Kazand\u0131<\/span><\/p>\n<p class=\"p1\"><span class=\"s1\">Edinilen kulis bilgilerine g\u00f6re Adalet Bakan\u0131 Ak\u0131n G\u00fcrlek\u2019in, \u0130stanbul Cumhuriyet Ba\u015fsavc\u0131l\u0131\u011f\u0131 g\u00f6revini y\u00fcr\u00fctt\u00fc\u011f\u00fc d\u00f6nemde s\u00f6z konusu dairelerin lojman olarak tahsis edilmesi i\u00e7in ilk giri\u015fimleri ba\u015flatt\u0131\u011f\u0131 \u00f6\u011frenildi. G\u00fcrlek\u2019in Adalet Bakanl\u0131\u011f\u0131 g\u00f6revine gelmesinin ard\u0131ndan ise projenin yeniden g\u00fcndeme al\u0131narak s\u00fcrecin h\u0131z kazand\u0131\u011f\u0131 ifade ediliyor. Yarg\u0131 \u00e7evrelerinde, \u0130stanbul\u2019daki lojman ihtiyac\u0131n\u0131n azalt\u0131lmas\u0131na y\u00f6nelik bu giri\u015fimin \u00f6nemli bir ad\u0131m oldu\u011fu de\u011ferlendiriliyor.<\/span><\/p>\n<p class=\"p1\"><span class=\"s1\">Avrupa Yakas\u0131\u2019nda Lojman \u0130htiyac\u0131 200\u2019e D\u00fc\u015ft\u00fc<\/span><\/p>\n<p class=\"p1\"><span class=\"s1\">\u0130stanbul Avrupa Yakas\u0131\u2019nda g\u00f6rev yapan hakim ve savc\u0131lar\u0131n lojman ihtiyac\u0131n\u0131n yakla\u015f\u0131k 200 konut seviyesine kadar d\u00fc\u015ft\u00fc\u011f\u00fc belirtiliyor. 5. Levent\u2019teki 74 dairenin lojman stat\u00fcs\u00fcne ge\u00e7irilmesiyle birlikte bu ihtiyac\u0131n \u00f6nemli bir b\u00f6l\u00fcm\u00fcn\u00fcn kar\u015f\u0131lanaca\u011f\u0131 ifade ediliyor. Yarg\u0131 \u00e7evreleri, s\u00f6z konusu ad\u0131m\u0131n \u0130stanbul\u2019daki lojman a\u00e7\u0131\u011f\u0131n\u0131n kapat\u0131lmas\u0131 a\u00e7\u0131s\u0131ndan kritik bir geli\u015fme oldu\u011funa dikkat \u00e7ekiyor.<\/span><\/p>\n<p class=\"p1\"><span class=\"s1\">\u0130stanbul\u2019da Kiralar Lojman\u0131n \u00d6nemini Art\u0131r\u0131yor<\/span><\/p>\n<p class=\"p1\"><span class=\"s1\">\u00d6zellikle \u0130stanbul\u2019da son y\u0131llarda h\u0131zla y\u00fckselen kira fiyatlar\u0131 nedeniyle lojman imkan\u0131n\u0131n yarg\u0131 mensuplar\u0131 a\u00e7\u0131s\u0131ndan ekonomik ve sosyal a\u00e7\u0131dan b\u00fcy\u00fck \u00f6nem ta\u015f\u0131d\u0131\u011f\u0131 belirtiliyor. Gaziosmanpa\u015fa Adliyesi\u2019ne y\u00fcr\u00fcme mesafesinde bulunan 5. Levent lojmanlar\u0131n\u0131n hem ula\u015f\u0131m kolayl\u0131\u011f\u0131 sa\u011flamas\u0131 hem de y\u00fcksek kira maliyetlerine kar\u015f\u0131 \u00f6nemli bir alternatif sunmas\u0131 bekleniyor. Projenin tamamlanmas\u0131yla birlikte \u0130stanbul\u2019daki yarg\u0131 mensuplar\u0131 i\u00e7in hem ekonomik hem de ya\u015fam kalitesi a\u00e7\u0131s\u0131ndan ciddi bir rahatlama sa\u011flayaca\u011f\u0131 ifade ediliyor.<\/span><\/p>\n<p>\u0130stanbul\u2019da g\u00f6rev yapan hakim ve savc\u0131lar\u0131n konut ihtiyac\u0131na y\u00f6nelik \u00f6nemli bir ad\u0131m daha at\u0131l\u0131yor. Gaziosmanpa\u015fa Adliyesi\u2019ne y\u00fcr\u00fcme mesafesinde bulunan 5. Levent Mahallesi\u2019ndeki Vak\u0131flar Genel M\u00fcd\u00fcrl\u00fc\u011f\u00fc\u2019ne ait 74 dairenin yap\u0131lacak protokolle lojman olarak hizmete girmesi bekleniyor. Edinilen bilgilere g\u00f6re modern mimari anlay\u0131\u015fla planlanan dairelerin tamam\u0131 3+1 olarak tasarland\u0131. Projenin \u00f6zellikle Gaziosmanpa\u015fa Adliyesi\u2019nde g\u00f6rev yapan hakim ve\u00a0<a href=\"https:\/\/www.son.tv\/sontv-ozel-haber-5-leventte-hakim-ve-savcilara-74-yeni-lojman-gop-adliyesine-yurume-mesafesinde-buyuk-kolaylik\/\" target=\"_blank\" class=\"feedzy-rss-link-icon\">Read More<\/a><\/p>","protected":false},"excerpt":{"rendered":"<p>\u0130stanbul\u2019da g\u00f6rev yapan hakim ve savc\u0131lar\u0131n konut ihtiyac\u0131na y\u00f6nelik \u00f6nemli bir ad\u0131m daha at\u0131l\u0131yor. Gaziosmanpa\u015fa Adliyesi\u2019ne y\u00fcr\u00fcme mesafesinde bulunan 5. Levent Mahallesi\u2019ndeki Vak\u0131flar Genel M\u00fcd\u00fcrl\u00fc\u011f\u00fc\u2019ne ait 74 dairenin yap\u0131lacak protokolle lojman olarak hizmete girmesi bekleniyor. Edinilen bilgilere g\u00f6re modern mimari anlay\u0131\u015fla planlanan dairelerin tamam\u0131 3+1 olarak tasarland\u0131. Projenin \u00f6zellikle Gaziosmanpa\u015fa Adliyesi\u2019nde g\u00f6rev yapan hakim ve [&hellip;]<\/p>\n","protected":false},"author":1,"featured_media":22729,"comment_status":"open","ping_status":"open","sticky":false,"template":"","format":"standard","meta":{"footnotes":"","_links_to":"","_links_to_target":""},"categories":[1],"tags":[],"class_list":["post-22728","post","type-post","status-publish","format-standard","has-post-thumbnail","hentry","category-haberler"],"_links":{"self":[{"href":"https:\/\/www.abchukuk.com\/index.php\/wp-json\/wp\/v2\/posts\/22728","targetHints":{"allow":["GET"]}}],"collection":[{"href":"https:\/\/www.abchukuk.com\/index.php\/wp-json\/wp\/v2\/posts"}],"about":[{"href":"https:\/\/www.abchukuk.com\/index.php\/wp-json\/wp\/v2\/types\/post"}],"author":[{"embeddable":true,"href":"https:\/\/www.abchukuk.com\/index.php\/wp-json\/wp\/v2\/users\/1"}],"replies":[{"embeddable":true,"href":"https:\/\/www.abchukuk.com\/index.php\/wp-json\/wp\/v2\/comments?post=22728"}],"version-history":[{"count":0,"href":"https:\/\/www.abchukuk.com\/index.php\/wp-json\/wp\/v2\/posts\/22728\/revisions"}],"wp:featuredmedia":[{"embeddable":true,"href":"https:\/\/www.abchukuk.com\/index.php\/wp-json\/wp\/v2\/media\/22729"}],"wp:attachment":[{"href":"https:\/\/www.abchukuk.com\/index.php\/wp-json\/wp\/v2\/media?parent=22728"}],"wp:term":[{"taxonomy":"category","embeddable":true,"href":"https:\/\/www.abchukuk.com\/index.php\/wp-json\/wp\/v2\/categories?post=22728"},{"taxonomy":"post_tag","embeddable":true,"href":"https:\/\/www.abchukuk.com\/index.php\/wp-json\/wp\/v2\/tags?post=22728"}],"curies":[{"name":"wp","href":"https:\/\/api.w.org\/{rel}","templated":true}]}}