{"id":22726,"date":"2026-03-10T01:00:00","date_gmt":"2026-03-10T01:00:00","guid":{"rendered":"https:\/\/www.abchukuk.com\/index.php\/2026\/03\/10\/anayasa-mahkemesi-taserondan-kadroya-gecirilen-iscilerin-tayin-yasagini-iptal-etti-emekci-yasaktan-kurtulacak\/"},"modified":"2026-03-10T01:00:00","modified_gmt":"2026-03-10T01:00:00","slug":"anayasa-mahkemesi-taserondan-kadroya-gecirilen-iscilerin-tayin-yasagini-iptal-etti-emekci-yasaktan-kurtulacak","status":"publish","type":"post","link":"https:\/\/www.abchukuk.com\/index.php\/2026\/03\/10\/anayasa-mahkemesi-taserondan-kadroya-gecirilen-iscilerin-tayin-yasagini-iptal-etti-emekci-yasaktan-kurtulacak\/","title":{"rendered":"Anayasa Mahkemesi, ta\u015ferondan kadroya ge\u00e7irilen i\u015f\u00e7ilerin tayin yasa\u011f\u0131n\u0131 iptal etti: Emek\u00e7i \u2018yasaktan\u2019 kurtulacak"},"content":{"rendered":"<p>Anayasa Mahkemesi (AYM), ta\u015ferondan kadroya ge\u00e7irilen i\u015f\u00e7ilerin tayin yasa\u011f\u0131n\u0131 iptal etti. AYM, yasan\u0131n i\u015f\u00e7ilerin herhangi bir nedenle yer de\u011fi\u015ftirmelerine olanak tan\u0131mad\u0131\u011f\u0131na, \u201cmutlak yasak\u201d getirdi\u011fine dikkat \u00e7ekti. Ancak karar 9 ay sonra y\u00fcr\u00fcrl\u00fc\u011fe girecek.Anayasa Mahkemesi (AYM), ta\u015ferondan kadroya ge\u00e7irilen i\u015f\u00e7ilerin tayin yasa\u011f\u0131n\u0131 iptal etti. AYM, yasan\u0131n i\u015f\u00e7ilerin herhangi bir nedenle yer de\u011fi\u015ftirmelerine olanak tan\u0131mad\u0131\u011f\u0131na, \u201cmutlak yasak\u201d getirdi\u011fine dikkat \u00e7ekti. Ancak karar 9 ay sonra y\u00fcr\u00fcrl\u00fc\u011fe girecek.\u00a0<a href=\"https:\/\/www.cumhuriyet.com.tr\/turkiye\/anayasa-mahkemesi-taserondan-kadroya-gecirilen-iscilerin-tayin-yasagini-iptal-etti-emekci-yasaktan-kurtulacak-2485400\" target=\"_blank\" class=\"feedzy-rss-link-icon\">Read More<\/a><\/p>","protected":false},"excerpt":{"rendered":"<p>Anayasa Mahkemesi (AYM), ta\u015ferondan kadroya ge\u00e7irilen i\u015f\u00e7ilerin tayin yasa\u011f\u0131n\u0131 iptal etti. AYM, yasan\u0131n i\u015f\u00e7ilerin herhangi bir nedenle yer de\u011fi\u015ftirmelerine olanak tan\u0131mad\u0131\u011f\u0131na, \u201cmutlak yasak\u201d getirdi\u011fine dikkat \u00e7ekti. Ancak karar 9 ay sonra y\u00fcr\u00fcrl\u00fc\u011fe girecek.Anayasa Mahkemesi (AYM), ta\u015ferondan kadroya ge\u00e7irilen i\u015f\u00e7ilerin tayin yasa\u011f\u0131n\u0131 iptal etti. AYM, yasan\u0131n i\u015f\u00e7ilerin herhangi bir nedenle yer de\u011fi\u015ftirmelerine olanak tan\u0131mad\u0131\u011f\u0131na, \u201cmutlak yasak\u201d [&hellip;]<\/p>\n","protected":false},"author":1,"featured_media":22727,"comment_status":"open","ping_status":"open","sticky":false,"template":"","format":"standard","meta":{"footnotes":"","_links_to":"","_links_to_target":""},"categories":[1],"tags":[],"class_list":["post-22726","post","type-post","status-publish","format-standard","has-post-thumbnail","hentry","category-haberler"],"_links":{"self":[{"href":"https:\/\/www.abchukuk.com\/index.php\/wp-json\/wp\/v2\/posts\/22726","targetHints":{"allow":["GET"]}}],"collection":[{"href":"https:\/\/www.abchukuk.com\/index.php\/wp-json\/wp\/v2\/posts"}],"about":[{"href":"https:\/\/www.abchukuk.com\/index.php\/wp-json\/wp\/v2\/types\/post"}],"author":[{"embeddable":true,"href":"https:\/\/www.abchukuk.com\/index.php\/wp-json\/wp\/v2\/users\/1"}],"replies":[{"embeddable":true,"href":"https:\/\/www.abchukuk.com\/index.php\/wp-json\/wp\/v2\/comments?post=22726"}],"version-history":[{"count":0,"href":"https:\/\/www.abchukuk.com\/index.php\/wp-json\/wp\/v2\/posts\/22726\/revisions"}],"wp:featuredmedia":[{"embeddable":true,"href":"https:\/\/www.abchukuk.com\/index.php\/wp-json\/wp\/v2\/media\/22727"}],"wp:attachment":[{"href":"https:\/\/www.abchukuk.com\/index.php\/wp-json\/wp\/v2\/media?parent=22726"}],"wp:term":[{"taxonomy":"category","embeddable":true,"href":"https:\/\/www.abchukuk.com\/index.php\/wp-json\/wp\/v2\/categories?post=22726"},{"taxonomy":"post_tag","embeddable":true,"href":"https:\/\/www.abchukuk.com\/index.php\/wp-json\/wp\/v2\/tags?post=22726"}],"curies":[{"name":"wp","href":"https:\/\/api.w.org\/{rel}","templated":true}]}}