{"id":22716,"date":"2026-03-09T17:49:08","date_gmt":"2026-03-09T17:49:08","guid":{"rendered":"https:\/\/www.abchukuk.com\/index.php\/2026\/03\/09\/belarusta-gazeteci-pavel-dabravolskiye-9-yil-hapis-cezasi\/"},"modified":"2026-03-09T17:49:08","modified_gmt":"2026-03-09T17:49:08","slug":"belarusta-gazeteci-pavel-dabravolskiye-9-yil-hapis-cezasi","status":"publish","type":"post","link":"https:\/\/www.abchukuk.com\/index.php\/2026\/03\/09\/belarusta-gazeteci-pavel-dabravolskiye-9-yil-hapis-cezasi\/","title":{"rendered":"Belarus&#8217;ta gazeteci Pavel Dabravolski&#8217;ye 9 y\u0131l hapis cezas\u0131"},"content":{"rendered":"<p>Aktivistler, Dabravolski&#8217;nin h\u00fck\u00fcmetin medya \u00fczerindeki sistematik bask\u0131lar\u0131 sonucunda son 2 hafta i\u00e7inde hapse at\u0131lan be\u015finci bas\u0131n \u00e7al\u0131\u015fan\u0131 oldu\u011funa dikkat \u00e7ekiyor.Aktivistler, Dabravolski&#8217;nin h\u00fck\u00fcmetin medya \u00fczerindeki sistematik bask\u0131lar\u0131 sonucunda son 2 hafta i\u00e7inde hapse at\u0131lan be\u015finci bas\u0131n \u00e7al\u0131\u015fan\u0131 oldu\u011funa dikkat \u00e7ekiyor.\u00a0<a href=\"http:\/\/tr.euronews.com\/2026\/03\/09\/belarusta-gazeteci-pavel-dabravolskiye-9-yil-hapis-cezasi\" target=\"_blank\" class=\"feedzy-rss-link-icon\">Read More<\/a><\/p>","protected":false},"excerpt":{"rendered":"<p>Aktivistler, Dabravolski&#8217;nin h\u00fck\u00fcmetin medya \u00fczerindeki sistematik bask\u0131lar\u0131 sonucunda son 2 hafta i\u00e7inde hapse at\u0131lan be\u015finci bas\u0131n \u00e7al\u0131\u015fan\u0131 oldu\u011funa dikkat \u00e7ekiyor.Aktivistler, Dabravolski&#8217;nin h\u00fck\u00fcmetin medya \u00fczerindeki sistematik bask\u0131lar\u0131 sonucunda son 2 hafta i\u00e7inde hapse at\u0131lan be\u015finci bas\u0131n \u00e7al\u0131\u015fan\u0131 oldu\u011funa dikkat \u00e7ekiyor.\u00a0Read More<\/p>\n","protected":false},"author":1,"featured_media":0,"comment_status":"open","ping_status":"open","sticky":false,"template":"","format":"standard","meta":{"footnotes":"","_links_to":"","_links_to_target":""},"categories":[1],"tags":[],"class_list":["post-22716","post","type-post","status-publish","format-standard","hentry","category-haberler"],"_links":{"self":[{"href":"https:\/\/www.abchukuk.com\/index.php\/wp-json\/wp\/v2\/posts\/22716","targetHints":{"allow":["GET"]}}],"collection":[{"href":"https:\/\/www.abchukuk.com\/index.php\/wp-json\/wp\/v2\/posts"}],"about":[{"href":"https:\/\/www.abchukuk.com\/index.php\/wp-json\/wp\/v2\/types\/post"}],"author":[{"embeddable":true,"href":"https:\/\/www.abchukuk.com\/index.php\/wp-json\/wp\/v2\/users\/1"}],"replies":[{"embeddable":true,"href":"https:\/\/www.abchukuk.com\/index.php\/wp-json\/wp\/v2\/comments?post=22716"}],"version-history":[{"count":0,"href":"https:\/\/www.abchukuk.com\/index.php\/wp-json\/wp\/v2\/posts\/22716\/revisions"}],"wp:attachment":[{"href":"https:\/\/www.abchukuk.com\/index.php\/wp-json\/wp\/v2\/media?parent=22716"}],"wp:term":[{"taxonomy":"category","embeddable":true,"href":"https:\/\/www.abchukuk.com\/index.php\/wp-json\/wp\/v2\/categories?post=22716"},{"taxonomy":"post_tag","embeddable":true,"href":"https:\/\/www.abchukuk.com\/index.php\/wp-json\/wp\/v2\/tags?post=22716"}],"curies":[{"name":"wp","href":"https:\/\/api.w.org\/{rel}","templated":true}]}}