{"id":22709,"date":"2026-03-09T12:46:31","date_gmt":"2026-03-09T12:46:31","guid":{"rendered":"https:\/\/www.abchukuk.com\/index.php\/2026\/03\/09\/ibb-iddianamesinde-savciligin-orgut-yoneticisi-olmakla-sucladigi-alti-kisi-kim\/"},"modified":"2026-03-09T12:46:31","modified_gmt":"2026-03-09T12:46:31","slug":"ibb-iddianamesinde-savciligin-orgut-yoneticisi-olmakla-sucladigi-alti-kisi-kim","status":"publish","type":"post","link":"https:\/\/www.abchukuk.com\/index.php\/2026\/03\/09\/ibb-iddianamesinde-savciligin-orgut-yoneticisi-olmakla-sucladigi-alti-kisi-kim\/","title":{"rendered":"\u0130BB iddianamesinde savc\u0131l\u0131\u011f\u0131n &#8216;\u00f6rg\u00fct&#8217; y\u00f6neticisi olmakla su\u00e7lad\u0131\u011f\u0131 alt\u0131 ki\u015fi kim?"},"content":{"rendered":"<p>\u0130stanbul Cumhuriyet Ba\u015fsavc\u0131l\u0131\u011f\u0131&#8217;n\u0131n haz\u0131rlad\u0131\u011f\u0131 &#8220;\u0130mamo\u011flu \u00e7\u0131kar ama\u00e7l\u0131 su\u00e7 \u00f6rg\u00fct\u00fc&#8221; iddianamesinde, \u0130mamo\u011flu&#8217;nun &#8220;\u00f6rg\u00fct&#8221; lideri oldu\u011fu, alt\u0131 ki\u015finin ise y\u00f6netici oldu\u011fu \u00f6ne s\u00fcr\u00fcl\u00fcyor. Peki bu alt\u0131 ki\u015fi kim ve haklar\u0131ndaki su\u00e7lamalar neler?\u0130stanbul Cumhuriyet Ba\u015fsavc\u0131l\u0131\u011f\u0131&#8217;n\u0131n haz\u0131rlad\u0131\u011f\u0131 &#8220;\u0130mamo\u011flu \u00e7\u0131kar ama\u00e7l\u0131 su\u00e7 \u00f6rg\u00fct\u00fc&#8221; iddianamesinde, \u0130mamo\u011flu&#8217;nun &#8220;\u00f6rg\u00fct&#8221; lideri oldu\u011fu, alt\u0131 ki\u015finin ise y\u00f6netici oldu\u011fu \u00f6ne s\u00fcr\u00fcl\u00fcyor. Peki bu alt\u0131 ki\u015fi kim ve haklar\u0131ndaki su\u00e7lamalar neler?\u00a0<a href=\"https:\/\/www.bbc.com\/turkce\/articles\/clyzeyl2k07o?at_medium=RSS&amp;at_campaign=rss\" target=\"_blank\" class=\"feedzy-rss-link-icon\">Read More<\/a><\/p>","protected":false},"excerpt":{"rendered":"<p>\u0130stanbul Cumhuriyet Ba\u015fsavc\u0131l\u0131\u011f\u0131&#8217;n\u0131n haz\u0131rlad\u0131\u011f\u0131 &#8220;\u0130mamo\u011flu \u00e7\u0131kar ama\u00e7l\u0131 su\u00e7 \u00f6rg\u00fct\u00fc&#8221; iddianamesinde, \u0130mamo\u011flu&#8217;nun &#8220;\u00f6rg\u00fct&#8221; lideri oldu\u011fu, alt\u0131 ki\u015finin ise y\u00f6netici oldu\u011fu \u00f6ne s\u00fcr\u00fcl\u00fcyor. Peki bu alt\u0131 ki\u015fi kim ve haklar\u0131ndaki su\u00e7lamalar neler?\u0130stanbul Cumhuriyet Ba\u015fsavc\u0131l\u0131\u011f\u0131&#8217;n\u0131n haz\u0131rlad\u0131\u011f\u0131 &#8220;\u0130mamo\u011flu \u00e7\u0131kar ama\u00e7l\u0131 su\u00e7 \u00f6rg\u00fct\u00fc&#8221; iddianamesinde, \u0130mamo\u011flu&#8217;nun &#8220;\u00f6rg\u00fct&#8221; lideri oldu\u011fu, alt\u0131 ki\u015finin ise y\u00f6netici oldu\u011fu \u00f6ne s\u00fcr\u00fcl\u00fcyor. Peki bu alt\u0131 ki\u015fi kim [&hellip;]<\/p>\n","protected":false},"author":1,"featured_media":11036,"comment_status":"open","ping_status":"open","sticky":false,"template":"","format":"standard","meta":{"footnotes":"","_links_to":"","_links_to_target":""},"categories":[1],"tags":[],"class_list":["post-22709","post","type-post","status-publish","format-standard","has-post-thumbnail","hentry","category-haberler"],"_links":{"self":[{"href":"https:\/\/www.abchukuk.com\/index.php\/wp-json\/wp\/v2\/posts\/22709","targetHints":{"allow":["GET"]}}],"collection":[{"href":"https:\/\/www.abchukuk.com\/index.php\/wp-json\/wp\/v2\/posts"}],"about":[{"href":"https:\/\/www.abchukuk.com\/index.php\/wp-json\/wp\/v2\/types\/post"}],"author":[{"embeddable":true,"href":"https:\/\/www.abchukuk.com\/index.php\/wp-json\/wp\/v2\/users\/1"}],"replies":[{"embeddable":true,"href":"https:\/\/www.abchukuk.com\/index.php\/wp-json\/wp\/v2\/comments?post=22709"}],"version-history":[{"count":0,"href":"https:\/\/www.abchukuk.com\/index.php\/wp-json\/wp\/v2\/posts\/22709\/revisions"}],"wp:featuredmedia":[{"embeddable":true,"href":"https:\/\/www.abchukuk.com\/index.php\/wp-json\/wp\/v2\/media\/11036"}],"wp:attachment":[{"href":"https:\/\/www.abchukuk.com\/index.php\/wp-json\/wp\/v2\/media?parent=22709"}],"wp:term":[{"taxonomy":"category","embeddable":true,"href":"https:\/\/www.abchukuk.com\/index.php\/wp-json\/wp\/v2\/categories?post=22709"},{"taxonomy":"post_tag","embeddable":true,"href":"https:\/\/www.abchukuk.com\/index.php\/wp-json\/wp\/v2\/tags?post=22709"}],"curies":[{"name":"wp","href":"https:\/\/api.w.org\/{rel}","templated":true}]}}