{"id":22699,"date":"2026-03-09T14:51:40","date_gmt":"2026-03-09T14:51:40","guid":{"rendered":"https:\/\/www.abchukuk.com\/index.php\/2026\/03\/09\/ibb-yolsuzluk-davasi-ilk-celse-tamamlandi\/"},"modified":"2026-03-09T14:51:40","modified_gmt":"2026-03-09T14:51:40","slug":"ibb-yolsuzluk-davasi-ilk-celse-tamamlandi","status":"publish","type":"post","link":"https:\/\/www.abchukuk.com\/index.php\/2026\/03\/09\/ibb-yolsuzluk-davasi-ilk-celse-tamamlandi\/","title":{"rendered":"\u0130BB yolsuzluk davas\u0131: \u0130lk celse tamamland\u0131"},"content":{"rendered":"<p>107\u2019si tutuklu olmak \u00fczere 407 san\u0131\u011f\u0131n yarg\u0131land\u0131\u011f\u0131 \u0130BB davas\u0131n\u0131n ilk duru\u015fmas\u0131 g\u00f6r\u00fcld\u00fc. Mahkeme heyeti, avukatlar\u0131n reddi hakim taleplerini davay\u0131 uzatmaya y\u00f6nelik oldu\u011fu gerek\u00e7esiyle reddetti. Duru\u015fma s\u0131ras\u0131nda Ekrem \u0130mamo\u011flu&#8217;yla mahkeme ba\u015fkan\u0131 aras\u0131nda k\u0131sa bir tart\u0131\u015fma ya\u015fan\u0131rken, duru\u015fma yar\u0131na ertelendi.107\u2019si tutuklu olmak \u00fczere 407 san\u0131\u011f\u0131n yarg\u0131land\u0131\u011f\u0131 \u0130BB davas\u0131n\u0131n ilk duru\u015fmas\u0131 g\u00f6r\u00fcld\u00fc. Mahkeme heyeti, avukatlar\u0131n reddi hakim taleplerini davay\u0131 uzatmaya y\u00f6nelik oldu\u011fu gerek\u00e7esiyle reddetti. Duru\u015fma s\u0131ras\u0131nda Ekrem \u0130mamo\u011flu&#8217;yla mahkeme ba\u015fkan\u0131 aras\u0131nda k\u0131sa bir tart\u0131\u015fma ya\u015fan\u0131rken, duru\u015fma yar\u0131na ertelendi.\u00a0<a href=\"https:\/\/anlatilaninotesi.com.tr\/20260309\/ibb-yolsuzluk-davasi-ilk-celse-tamamlandi-1104124381.html\" target=\"_blank\" class=\"feedzy-rss-link-icon\">Read More<\/a><\/p>","protected":false},"excerpt":{"rendered":"<p>107\u2019si tutuklu olmak \u00fczere 407 san\u0131\u011f\u0131n yarg\u0131land\u0131\u011f\u0131 \u0130BB davas\u0131n\u0131n ilk duru\u015fmas\u0131 g\u00f6r\u00fcld\u00fc. Mahkeme heyeti, avukatlar\u0131n reddi hakim taleplerini davay\u0131 uzatmaya y\u00f6nelik oldu\u011fu gerek\u00e7esiyle reddetti. Duru\u015fma s\u0131ras\u0131nda Ekrem \u0130mamo\u011flu&#8217;yla mahkeme ba\u015fkan\u0131 aras\u0131nda k\u0131sa bir tart\u0131\u015fma ya\u015fan\u0131rken, duru\u015fma yar\u0131na ertelendi.107\u2019si tutuklu olmak \u00fczere 407 san\u0131\u011f\u0131n yarg\u0131land\u0131\u011f\u0131 \u0130BB davas\u0131n\u0131n ilk duru\u015fmas\u0131 g\u00f6r\u00fcld\u00fc. Mahkeme heyeti, avukatlar\u0131n reddi hakim taleplerini [&hellip;]<\/p>\n","protected":false},"author":1,"featured_media":0,"comment_status":"open","ping_status":"open","sticky":false,"template":"","format":"standard","meta":{"footnotes":"","_links_to":"","_links_to_target":""},"categories":[1],"tags":[],"class_list":["post-22699","post","type-post","status-publish","format-standard","hentry","category-haberler"],"_links":{"self":[{"href":"https:\/\/www.abchukuk.com\/index.php\/wp-json\/wp\/v2\/posts\/22699","targetHints":{"allow":["GET"]}}],"collection":[{"href":"https:\/\/www.abchukuk.com\/index.php\/wp-json\/wp\/v2\/posts"}],"about":[{"href":"https:\/\/www.abchukuk.com\/index.php\/wp-json\/wp\/v2\/types\/post"}],"author":[{"embeddable":true,"href":"https:\/\/www.abchukuk.com\/index.php\/wp-json\/wp\/v2\/users\/1"}],"replies":[{"embeddable":true,"href":"https:\/\/www.abchukuk.com\/index.php\/wp-json\/wp\/v2\/comments?post=22699"}],"version-history":[{"count":0,"href":"https:\/\/www.abchukuk.com\/index.php\/wp-json\/wp\/v2\/posts\/22699\/revisions"}],"wp:attachment":[{"href":"https:\/\/www.abchukuk.com\/index.php\/wp-json\/wp\/v2\/media?parent=22699"}],"wp:term":[{"taxonomy":"category","embeddable":true,"href":"https:\/\/www.abchukuk.com\/index.php\/wp-json\/wp\/v2\/categories?post=22699"},{"taxonomy":"post_tag","embeddable":true,"href":"https:\/\/www.abchukuk.com\/index.php\/wp-json\/wp\/v2\/tags?post=22699"}],"curies":[{"name":"wp","href":"https:\/\/api.w.org\/{rel}","templated":true}]}}