{"id":22696,"date":"2026-03-09T15:11:46","date_gmt":"2026-03-09T15:11:46","guid":{"rendered":"https:\/\/www.abchukuk.com\/index.php\/2026\/03\/09\/istanbul-valisi-gulden-beykoz-cumhuriyet-bassavcisi-ozturke-hayirli-olsun-ziyareti\/"},"modified":"2026-03-09T15:11:46","modified_gmt":"2026-03-09T15:11:46","slug":"istanbul-valisi-gulden-beykoz-cumhuriyet-bassavcisi-ozturke-hayirli-olsun-ziyareti","status":"publish","type":"post","link":"https:\/\/www.abchukuk.com\/index.php\/2026\/03\/09\/istanbul-valisi-gulden-beykoz-cumhuriyet-bassavcisi-ozturke-hayirli-olsun-ziyareti\/","title":{"rendered":"\u0130stanbul Valisi G\u00fcl\u2019den Beykoz Cumhuriyet Ba\u015fsavc\u0131s\u0131 \u00d6zt\u00fcrk\u2019e hay\u0131rl\u0131 olsun ziyareti"},"content":{"rendered":"<p class=\"p1\"><span class=\"s1\">\u0130stanbul Valisi <\/span><span class=\"s2\">Davut G\u00fcl<\/span><span class=\"s1\">, yeni g\u00f6reve ba\u015flayan Beykoz Cumhuriyet Ba\u015fsavc\u0131s\u0131 <\/span><span class=\"s2\">Neceattin \u00d6zt\u00fcrk<\/span><span class=\"s1\">\u2019\u0131 makam\u0131nda ziyaret ederek hay\u0131rl\u0131 olsun temennisinde bulundu.<\/span><\/p>\n<p class=\"p1\"><span class=\"s1\">Ziyaret s\u0131ras\u0131nda \u0130stanbul Valisi G\u00fcl, \u00d6zt\u00fcrk\u2019e yeni g\u00f6revinde ba\u015far\u0131lar dileyerek, adli hizmetlerde i\u015f birli\u011fi ve koordinasyonun \u00f6nemine vurgu yapt\u0131. Ba\u015fsavc\u0131 \u00d6zt\u00fcrk de nazik ziyaretten dolay\u0131 memnuniyetini belirtti.<\/span><\/p>\n<p>\u0130stanbul Valisi Davut G\u00fcl, yeni g\u00f6reve ba\u015flayan Beykoz Cumhuriyet Ba\u015fsavc\u0131s\u0131 Neceattin \u00d6zt\u00fcrk\u2019\u00fc makam\u0131nda ziyaret ederek hay\u0131rl\u0131 olsun temennisinde bulundu.\u00a0<a href=\"https:\/\/www.son.tv\/istanbul-valisi-gulden-beykoz-cumhuriyet-bassavcisi-ozturke-hayirli-olsun-ziyareti\/\" target=\"_blank\" class=\"feedzy-rss-link-icon\">Read More<\/a><\/p>","protected":false},"excerpt":{"rendered":"<p>\u0130stanbul Valisi Davut G\u00fcl, yeni g\u00f6reve ba\u015flayan Beykoz Cumhuriyet Ba\u015fsavc\u0131s\u0131 Neceattin \u00d6zt\u00fcrk\u2019\u0131 makam\u0131nda ziyaret ederek hay\u0131rl\u0131 olsun temennisinde bulundu. Ziyaret s\u0131ras\u0131nda \u0130stanbul Valisi G\u00fcl, \u00d6zt\u00fcrk\u2019e yeni g\u00f6revinde ba\u015far\u0131lar dileyerek, adli hizmetlerde i\u015f birli\u011fi ve koordinasyonun \u00f6nemine vurgu yapt\u0131. Ba\u015fsavc\u0131 \u00d6zt\u00fcrk de nazik ziyaretten dolay\u0131 memnuniyetini belirtti. \u0130stanbul Valisi Davut G\u00fcl, yeni g\u00f6reve ba\u015flayan Beykoz Cumhuriyet [&hellip;]<\/p>\n","protected":false},"author":1,"featured_media":0,"comment_status":"open","ping_status":"open","sticky":false,"template":"","format":"standard","meta":{"footnotes":"","_links_to":"","_links_to_target":""},"categories":[1],"tags":[],"class_list":["post-22696","post","type-post","status-publish","format-standard","hentry","category-haberler"],"_links":{"self":[{"href":"https:\/\/www.abchukuk.com\/index.php\/wp-json\/wp\/v2\/posts\/22696","targetHints":{"allow":["GET"]}}],"collection":[{"href":"https:\/\/www.abchukuk.com\/index.php\/wp-json\/wp\/v2\/posts"}],"about":[{"href":"https:\/\/www.abchukuk.com\/index.php\/wp-json\/wp\/v2\/types\/post"}],"author":[{"embeddable":true,"href":"https:\/\/www.abchukuk.com\/index.php\/wp-json\/wp\/v2\/users\/1"}],"replies":[{"embeddable":true,"href":"https:\/\/www.abchukuk.com\/index.php\/wp-json\/wp\/v2\/comments?post=22696"}],"version-history":[{"count":0,"href":"https:\/\/www.abchukuk.com\/index.php\/wp-json\/wp\/v2\/posts\/22696\/revisions"}],"wp:attachment":[{"href":"https:\/\/www.abchukuk.com\/index.php\/wp-json\/wp\/v2\/media?parent=22696"}],"wp:term":[{"taxonomy":"category","embeddable":true,"href":"https:\/\/www.abchukuk.com\/index.php\/wp-json\/wp\/v2\/categories?post=22696"},{"taxonomy":"post_tag","embeddable":true,"href":"https:\/\/www.abchukuk.com\/index.php\/wp-json\/wp\/v2\/tags?post=22696"}],"curies":[{"name":"wp","href":"https:\/\/api.w.org\/{rel}","templated":true}]}}