{"id":22692,"date":"2026-03-09T13:13:52","date_gmt":"2026-03-09T13:13:52","guid":{"rendered":"https:\/\/www.abchukuk.com\/index.php\/2026\/03\/09\/anadolu-adliye-protokolunden-8-mart-kadinlar-gunu-etkinligi\/"},"modified":"2026-03-09T13:13:52","modified_gmt":"2026-03-09T13:13:52","slug":"anadolu-adliye-protokolunden-8-mart-kadinlar-gunu-etkinligi","status":"publish","type":"post","link":"https:\/\/www.abchukuk.com\/index.php\/2026\/03\/09\/anadolu-adliye-protokolunden-8-mart-kadinlar-gunu-etkinligi\/","title":{"rendered":"Anadolu adliye protokol\u00fcnden 8 Mart kad\u0131nlar g\u00fcn\u00fc etkinli\u011fi"},"content":{"rendered":"<p>\u0130stanbul Anadolu Adliyesi protokol\u00fc taraf\u0131ndan 8 Mart D\u00fcnya Kad\u0131nlar G\u00fcn\u00fc dolay\u0131s\u0131yla anlaml\u0131 bir etkinlik ger\u00e7ekle\u015ftirildi. G\u00fcn\u00fcn anlam ve \u00f6nemine dikkat \u00e7ekmek amac\u0131yla d\u00fczenlenen programda adliyede g\u00f6rev yapan kad\u0131n personellerin Kad\u0131nlar G\u00fcn\u00fc kutland\u0131.<\/p>\n<p><a href=\"https:\/\/www.son.tv\/wp-content\/uploads\/2026\/03\/DSC_6324.JPG-scaled.jpeg\"><img fetchpriority=\"high\" decoding=\"async\" class=\"alignnone size-large wp-image-168923\" src=\"https:\/\/www.son.tv\/wp-content\/uploads\/2026\/03\/DSC_6324.JPG-1024x683.jpeg\" alt=\"\" width=\"1024\" height=\"683\" \/><\/a><\/p>\n<p>Etkinlik kapsam\u0131nda adliye protokol\u00fc taraf\u0131ndan kad\u0131n \u00e7al\u0131\u015fanlara g\u00fcl ve kupa bardak takdim edilerek emekleri ve katk\u0131lar\u0131 i\u00e7in te\u015fekk\u00fcr edildi.<\/p>\n<p><a href=\"https:\/\/www.son.tv\/wp-content\/uploads\/2026\/03\/DSC_1847.JPG-scaled.jpeg\"><img decoding=\"async\" class=\"alignnone size-large wp-image-168924\" src=\"https:\/\/www.son.tv\/wp-content\/uploads\/2026\/03\/DSC_1847.JPG-1024x683.jpeg\" alt=\"\" width=\"1024\" height=\"683\" \/><\/a><\/p>\n<p>Adliyede g\u00f6rev yapan kad\u0131n \u00e7al\u0131\u015fanlar\u0131n \u00f6zverili \u00e7al\u0131\u015fmalar\u0131yla adalet hizmetlerinin daha g\u00fc\u00e7l\u00fc bir \u015fekilde s\u00fcrd\u00fcr\u00fcld\u00fc\u011f\u00fc ifade edilerek, t\u00fcm kad\u0131nlar\u0131n 8 Mart D\u00fcnya Kad\u0131nlar G\u00fcn\u00fc\u2019n\u00fcn kutlu olmas\u0131 temennisinde bulunuldu. Etkinlik, hat\u0131ra foto\u011fraf\u0131 \u00e7ekilmesinin ard\u0131ndan sona erdi.<\/p>\n<p>\u0130stanbul Anadolu Adliyesi protokol\u00fc taraf\u0131ndan 8 Mart D\u00fcnya Kad\u0131nlar G\u00fcn\u00fc dolay\u0131s\u0131yla anlaml\u0131 bir etkinlik ger\u00e7ekle\u015ftirildi. G\u00fcn\u00fcn anlam ve \u00f6nemine dikkat \u00e7ekmek amac\u0131yla d\u00fczenlenen programda adliyede g\u00f6rev yapan kad\u0131n personellerin Kad\u0131nlar G\u00fcn\u00fc kutland\u0131. Etkinlik kapsam\u0131nda adliye protokol\u00fc taraf\u0131ndan kad\u0131n \u00e7al\u0131\u015fanlara g\u00fcl ve kupa bardak takdim edilerek emekleri ve katk\u0131lar\u0131 i\u00e7in te\u015fekk\u00fcr edildi. Adliyede g\u00f6rev yapan kad\u0131n\u00a0<a href=\"https:\/\/www.son.tv\/anadolu-adliye-protokolunden-8-mart-kadinlar-gunu-etkinligi\/\" target=\"_blank\" class=\"feedzy-rss-link-icon\">Read More<\/a><\/p>","protected":false},"excerpt":{"rendered":"<p>\u0130stanbul Anadolu Adliyesi protokol\u00fc taraf\u0131ndan 8 Mart D\u00fcnya Kad\u0131nlar G\u00fcn\u00fc dolay\u0131s\u0131yla anlaml\u0131 bir etkinlik ger\u00e7ekle\u015ftirildi. G\u00fcn\u00fcn anlam ve \u00f6nemine dikkat \u00e7ekmek amac\u0131yla d\u00fczenlenen programda adliyede g\u00f6rev yapan kad\u0131n personellerin Kad\u0131nlar G\u00fcn\u00fc kutland\u0131. Etkinlik kapsam\u0131nda adliye protokol\u00fc taraf\u0131ndan kad\u0131n \u00e7al\u0131\u015fanlara g\u00fcl ve kupa bardak takdim edilerek emekleri ve katk\u0131lar\u0131 i\u00e7in te\u015fekk\u00fcr edildi. Adliyede g\u00f6rev yapan kad\u0131n [&hellip;]<\/p>\n","protected":false},"author":1,"featured_media":22693,"comment_status":"open","ping_status":"open","sticky":false,"template":"","format":"standard","meta":{"footnotes":"","_links_to":"","_links_to_target":""},"categories":[1],"tags":[],"class_list":["post-22692","post","type-post","status-publish","format-standard","has-post-thumbnail","hentry","category-haberler"],"_links":{"self":[{"href":"https:\/\/www.abchukuk.com\/index.php\/wp-json\/wp\/v2\/posts\/22692","targetHints":{"allow":["GET"]}}],"collection":[{"href":"https:\/\/www.abchukuk.com\/index.php\/wp-json\/wp\/v2\/posts"}],"about":[{"href":"https:\/\/www.abchukuk.com\/index.php\/wp-json\/wp\/v2\/types\/post"}],"author":[{"embeddable":true,"href":"https:\/\/www.abchukuk.com\/index.php\/wp-json\/wp\/v2\/users\/1"}],"replies":[{"embeddable":true,"href":"https:\/\/www.abchukuk.com\/index.php\/wp-json\/wp\/v2\/comments?post=22692"}],"version-history":[{"count":0,"href":"https:\/\/www.abchukuk.com\/index.php\/wp-json\/wp\/v2\/posts\/22692\/revisions"}],"wp:featuredmedia":[{"embeddable":true,"href":"https:\/\/www.abchukuk.com\/index.php\/wp-json\/wp\/v2\/media\/22693"}],"wp:attachment":[{"href":"https:\/\/www.abchukuk.com\/index.php\/wp-json\/wp\/v2\/media?parent=22692"}],"wp:term":[{"taxonomy":"category","embeddable":true,"href":"https:\/\/www.abchukuk.com\/index.php\/wp-json\/wp\/v2\/categories?post=22692"},{"taxonomy":"post_tag","embeddable":true,"href":"https:\/\/www.abchukuk.com\/index.php\/wp-json\/wp\/v2\/tags?post=22692"}],"curies":[{"name":"wp","href":"https:\/\/api.w.org\/{rel}","templated":true}]}}