{"id":22691,"date":"2026-03-09T11:10:04","date_gmt":"2026-03-09T11:10:04","guid":{"rendered":"https:\/\/www.abchukuk.com\/index.php\/2026\/03\/09\/ispanyol-adalet-bakanindan-milli-atici-yusuf-dikece-mesaj-istanbulda-gorusuruz\/"},"modified":"2026-03-09T11:10:04","modified_gmt":"2026-03-09T11:10:04","slug":"ispanyol-adalet-bakanindan-milli-atici-yusuf-dikece-mesaj-istanbulda-gorusuruz","status":"publish","type":"post","link":"https:\/\/www.abchukuk.com\/index.php\/2026\/03\/09\/ispanyol-adalet-bakanindan-milli-atici-yusuf-dikece-mesaj-istanbulda-gorusuruz\/","title":{"rendered":"\u0130spanyol Adalet Bakan\u0131&#8217;ndan milli at\u0131c\u0131 Yusuf Dike\u00e7&#8217;e mesaj: \u0130stanbul&#8217;da g\u00f6r\u00fc\u015f\u00fcr\u00fcz"},"content":{"rendered":"<p>\u0130spanya Adalet Bakan\u0131 \u0130spanya Adalet Bakan\u0131 Bolanos&#8217;tan, kendisine benzetilen milli at\u0131c\u0131 Yusuf Dike\u00e7&#8217;le \u0130stanbul&#8217;da g\u00f6r\u00fc\u015febilece\u011fini s\u00f6yledi.\u0130spanya Adalet Bakan\u0131 \u0130spanya Adalet Bakan\u0131 Bolanos&#8217;tan, kendisine benzetilen milli at\u0131c\u0131 Yusuf Dike\u00e7&#8217;le \u0130stanbul&#8217;da g\u00f6r\u00fc\u015febilece\u011fini s\u00f6yledi.\u00a0<a href=\"https:\/\/anlatilaninotesi.com.tr\/20260309\/ispanyol-adalet-bakanindan-milli-atici-yusuf-dikece-mesaj-istanbulda-gorusuruz-1104119111.html\" target=\"_blank\" class=\"feedzy-rss-link-icon\">Read More<\/a><\/p>","protected":false},"excerpt":{"rendered":"<p>\u0130spanya Adalet Bakan\u0131 \u0130spanya Adalet Bakan\u0131 Bolanos&#8217;tan, kendisine benzetilen milli at\u0131c\u0131 Yusuf Dike\u00e7&#8217;le \u0130stanbul&#8217;da g\u00f6r\u00fc\u015febilece\u011fini s\u00f6yledi.\u0130spanya Adalet Bakan\u0131 \u0130spanya Adalet Bakan\u0131 Bolanos&#8217;tan, kendisine benzetilen milli at\u0131c\u0131 Yusuf Dike\u00e7&#8217;le \u0130stanbul&#8217;da g\u00f6r\u00fc\u015febilece\u011fini s\u00f6yledi.\u00a0Read More<\/p>\n","protected":false},"author":1,"featured_media":0,"comment_status":"open","ping_status":"open","sticky":false,"template":"","format":"standard","meta":{"footnotes":"","_links_to":"","_links_to_target":""},"categories":[1],"tags":[],"class_list":["post-22691","post","type-post","status-publish","format-standard","hentry","category-haberler"],"_links":{"self":[{"href":"https:\/\/www.abchukuk.com\/index.php\/wp-json\/wp\/v2\/posts\/22691","targetHints":{"allow":["GET"]}}],"collection":[{"href":"https:\/\/www.abchukuk.com\/index.php\/wp-json\/wp\/v2\/posts"}],"about":[{"href":"https:\/\/www.abchukuk.com\/index.php\/wp-json\/wp\/v2\/types\/post"}],"author":[{"embeddable":true,"href":"https:\/\/www.abchukuk.com\/index.php\/wp-json\/wp\/v2\/users\/1"}],"replies":[{"embeddable":true,"href":"https:\/\/www.abchukuk.com\/index.php\/wp-json\/wp\/v2\/comments?post=22691"}],"version-history":[{"count":0,"href":"https:\/\/www.abchukuk.com\/index.php\/wp-json\/wp\/v2\/posts\/22691\/revisions"}],"wp:attachment":[{"href":"https:\/\/www.abchukuk.com\/index.php\/wp-json\/wp\/v2\/media?parent=22691"}],"wp:term":[{"taxonomy":"category","embeddable":true,"href":"https:\/\/www.abchukuk.com\/index.php\/wp-json\/wp\/v2\/categories?post=22691"},{"taxonomy":"post_tag","embeddable":true,"href":"https:\/\/www.abchukuk.com\/index.php\/wp-json\/wp\/v2\/tags?post=22691"}],"curies":[{"name":"wp","href":"https:\/\/api.w.org\/{rel}","templated":true}]}}