{"id":22689,"date":"2026-03-09T11:20:00","date_gmt":"2026-03-09T11:20:00","guid":{"rendered":"https:\/\/www.abchukuk.com\/index.php\/2026\/03\/09\/ibb-davasi-basladi-ihd-tutuklu-yargilanan-tum-siyasetcilerin-tahliye-edilmesi-gerektigini-belirtiyoruz\/"},"modified":"2026-03-09T11:20:00","modified_gmt":"2026-03-09T11:20:00","slug":"ibb-davasi-basladi-ihd-tutuklu-yargilanan-tum-siyasetcilerin-tahliye-edilmesi-gerektigini-belirtiyoruz","status":"publish","type":"post","link":"https:\/\/www.abchukuk.com\/index.php\/2026\/03\/09\/ibb-davasi-basladi-ihd-tutuklu-yargilanan-tum-siyasetcilerin-tahliye-edilmesi-gerektigini-belirtiyoruz\/","title":{"rendered":"&#8216;\u0130BB davas\u0131&#8217; ba\u015flad\u0131&#8230; \u0130HD: &#8216;Tutuklu yarg\u0131lanan t\u00fcm siyaset\u00e7ilerin tahliye edilmesi gerekti\u011fini belirtiyoruz&#8217;"},"content":{"rendered":"<p>\u0130nsan Haklar\u0131 Derne\u011fi (\u0130HD), \u0130stanbul B\u00fcy\u00fck\u015fehir Belediye Ba\u015fkan\u0131 Ekrem \u0130mamo\u011flu ile 107\u2019si tutuklu 402 san\u0131\u011f\u0131n yarg\u0131land\u0131\u011f\u0131 ve kamuoyunda &#8220;\u0130BB davas\u0131&#8221; olarak bilinen davan\u0131n ilk duru\u015fmas\u0131na ili\u015fkin, &#8220;Mevcut yarg\u0131 pratiklerinde tutuklama bir tedbirden ziyade cezaland\u0131rmaya, masumiyet karinesini hi\u00e7e sayan bir prati\u011fe d\u00f6n\u00fc\u015fm\u00fc\u015f durumda&#8221; denildi.\u0130nsan Haklar\u0131 Derne\u011fi (\u0130HD), \u0130stanbul B\u00fcy\u00fck\u015fehir Belediye Ba\u015fkan\u0131 Ekrem \u0130mamo\u011flu ile 107\u2019si tutuklu 402 san\u0131\u011f\u0131n yarg\u0131land\u0131\u011f\u0131 ve kamuoyunda &#8220;\u0130BB davas\u0131&#8221; olarak bilinen davan\u0131n ilk duru\u015fmas\u0131na ili\u015fkin, &#8220;Mevcut yarg\u0131 pratiklerinde tutuklama bir tedbirden ziyade cezaland\u0131rmaya, masumiyet karinesini hi\u00e7e sayan bir prati\u011fe d\u00f6n\u00fc\u015fm\u00fc\u015f durumda&#8221; denildi.\u00a0<a href=\"https:\/\/www.cumhuriyet.com.tr\/turkiye\/ibb-davasi-basladi-ihd-tutuklu-yargilanan-tum-siyasetcilerin-tahliye-edilmesi-gerektigini-belirtiyoruz-2485315\" target=\"_blank\" class=\"feedzy-rss-link-icon\">Read More<\/a><\/p>","protected":false},"excerpt":{"rendered":"<p>\u0130nsan Haklar\u0131 Derne\u011fi (\u0130HD), \u0130stanbul B\u00fcy\u00fck\u015fehir Belediye Ba\u015fkan\u0131 Ekrem \u0130mamo\u011flu ile 107\u2019si tutuklu 402 san\u0131\u011f\u0131n yarg\u0131land\u0131\u011f\u0131 ve kamuoyunda &#8220;\u0130BB davas\u0131&#8221; olarak bilinen davan\u0131n ilk duru\u015fmas\u0131na ili\u015fkin, &#8220;Mevcut yarg\u0131 pratiklerinde tutuklama bir tedbirden ziyade cezaland\u0131rmaya, masumiyet karinesini hi\u00e7e sayan bir prati\u011fe d\u00f6n\u00fc\u015fm\u00fc\u015f durumda&#8221; denildi.\u0130nsan Haklar\u0131 Derne\u011fi (\u0130HD), \u0130stanbul B\u00fcy\u00fck\u015fehir Belediye Ba\u015fkan\u0131 Ekrem \u0130mamo\u011flu ile 107\u2019si tutuklu [&hellip;]<\/p>\n","protected":false},"author":1,"featured_media":22690,"comment_status":"open","ping_status":"open","sticky":false,"template":"","format":"standard","meta":{"footnotes":"","_links_to":"","_links_to_target":""},"categories":[1],"tags":[],"class_list":["post-22689","post","type-post","status-publish","format-standard","has-post-thumbnail","hentry","category-haberler"],"_links":{"self":[{"href":"https:\/\/www.abchukuk.com\/index.php\/wp-json\/wp\/v2\/posts\/22689","targetHints":{"allow":["GET"]}}],"collection":[{"href":"https:\/\/www.abchukuk.com\/index.php\/wp-json\/wp\/v2\/posts"}],"about":[{"href":"https:\/\/www.abchukuk.com\/index.php\/wp-json\/wp\/v2\/types\/post"}],"author":[{"embeddable":true,"href":"https:\/\/www.abchukuk.com\/index.php\/wp-json\/wp\/v2\/users\/1"}],"replies":[{"embeddable":true,"href":"https:\/\/www.abchukuk.com\/index.php\/wp-json\/wp\/v2\/comments?post=22689"}],"version-history":[{"count":0,"href":"https:\/\/www.abchukuk.com\/index.php\/wp-json\/wp\/v2\/posts\/22689\/revisions"}],"wp:featuredmedia":[{"embeddable":true,"href":"https:\/\/www.abchukuk.com\/index.php\/wp-json\/wp\/v2\/media\/22690"}],"wp:attachment":[{"href":"https:\/\/www.abchukuk.com\/index.php\/wp-json\/wp\/v2\/media?parent=22689"}],"wp:term":[{"taxonomy":"category","embeddable":true,"href":"https:\/\/www.abchukuk.com\/index.php\/wp-json\/wp\/v2\/categories?post=22689"},{"taxonomy":"post_tag","embeddable":true,"href":"https:\/\/www.abchukuk.com\/index.php\/wp-json\/wp\/v2\/tags?post=22689"}],"curies":[{"name":"wp","href":"https:\/\/api.w.org\/{rel}","templated":true}]}}