{"id":22687,"date":"2026-03-09T11:41:00","date_gmt":"2026-03-09T11:41:00","guid":{"rendered":"https:\/\/www.abchukuk.com\/index.php\/2026\/03\/09\/dilek-kaya-imamoglu-ailelerden-daha-gergin-bir-mahkeme-baskani-gordum\/"},"modified":"2026-03-09T11:41:00","modified_gmt":"2026-03-09T11:41:00","slug":"dilek-kaya-imamoglu-ailelerden-daha-gergin-bir-mahkeme-baskani-gordum","status":"publish","type":"post","link":"https:\/\/www.abchukuk.com\/index.php\/2026\/03\/09\/dilek-kaya-imamoglu-ailelerden-daha-gergin-bir-mahkeme-baskani-gordum\/","title":{"rendered":"Dilek Kaya \u0130mamo\u011flu: Ailelerden daha gergin bir mahkeme ba\u015fkan\u0131 g\u00f6rd\u00fcm"},"content":{"rendered":"<p>CHP&#8217;nin cumhurba\u015fkan\u0131 aday\u0131, \u0130stanbul B\u00fcy\u00fck\u015fehir Belediye (\u0130BB) Ba\u015fkan\u0131 Ekrem \u0130mamo\u011flu&#8217;nun da aras\u0131nda bulundu\u011fu 107&#8217;si tutuklu 402 san\u0131kl\u0131 \u0130BB davas\u0131n\u0131n g\u00f6r\u00fclmesine ba\u015fland\u0131. \u0130mamo\u011flu&#8217;nun e\u015fi Dilek Kaya \u0130mamo\u011flu, yarg\u0131lama s\u00fcrecine ili\u015fkin, &#8220;Yeter ki daha sakin, daha adil ve daha tarafs\u0131z bir yarg\u0131lama olsun. Bir y\u0131ld\u0131r bu an\u0131 bekliyoruz&#8221; dedi.CHP&#8217;nin cumhurba\u015fkan\u0131 aday\u0131, \u0130stanbul B\u00fcy\u00fck\u015fehir Belediye (\u0130BB) Ba\u015fkan\u0131 Ekrem \u0130mamo\u011flu&#8217;nun da aras\u0131nda bulundu\u011fu 107&#8217;si tutuklu 402 san\u0131kl\u0131 \u0130BB davas\u0131n\u0131n g\u00f6r\u00fclmesine ba\u015fland\u0131. \u0130mamo\u011flu&#8217;nun e\u015fi Dilek Kaya \u0130mamo\u011flu, yarg\u0131lama s\u00fcrecine ili\u015fkin, &#8220;Yeter ki daha sakin, daha adil ve daha tarafs\u0131z bir yarg\u0131lama olsun. Bir y\u0131ld\u0131r bu an\u0131 bekliyoruz&#8221; dedi.\u00a0<a href=\"https:\/\/www.cumhuriyet.com.tr\/turkiye\/dilek-kaya-imamoglu-ailelerden-daha-gergin-bir-mahkeme-baskani-gordum-2485319\" target=\"_blank\" class=\"feedzy-rss-link-icon\">Read More<\/a><\/p>","protected":false},"excerpt":{"rendered":"<p>CHP&#8217;nin cumhurba\u015fkan\u0131 aday\u0131, \u0130stanbul B\u00fcy\u00fck\u015fehir Belediye (\u0130BB) Ba\u015fkan\u0131 Ekrem \u0130mamo\u011flu&#8217;nun da aras\u0131nda bulundu\u011fu 107&#8217;si tutuklu 402 san\u0131kl\u0131 \u0130BB davas\u0131n\u0131n g\u00f6r\u00fclmesine ba\u015fland\u0131. \u0130mamo\u011flu&#8217;nun e\u015fi Dilek Kaya \u0130mamo\u011flu, yarg\u0131lama s\u00fcrecine ili\u015fkin, &#8220;Yeter ki daha sakin, daha adil ve daha tarafs\u0131z bir yarg\u0131lama olsun. Bir y\u0131ld\u0131r bu an\u0131 bekliyoruz&#8221; dedi.CHP&#8217;nin cumhurba\u015fkan\u0131 aday\u0131, \u0130stanbul B\u00fcy\u00fck\u015fehir Belediye (\u0130BB) Ba\u015fkan\u0131 Ekrem [&hellip;]<\/p>\n","protected":false},"author":1,"featured_media":22688,"comment_status":"open","ping_status":"open","sticky":false,"template":"","format":"standard","meta":{"footnotes":"","_links_to":"","_links_to_target":""},"categories":[1],"tags":[],"class_list":["post-22687","post","type-post","status-publish","format-standard","has-post-thumbnail","hentry","category-haberler"],"_links":{"self":[{"href":"https:\/\/www.abchukuk.com\/index.php\/wp-json\/wp\/v2\/posts\/22687","targetHints":{"allow":["GET"]}}],"collection":[{"href":"https:\/\/www.abchukuk.com\/index.php\/wp-json\/wp\/v2\/posts"}],"about":[{"href":"https:\/\/www.abchukuk.com\/index.php\/wp-json\/wp\/v2\/types\/post"}],"author":[{"embeddable":true,"href":"https:\/\/www.abchukuk.com\/index.php\/wp-json\/wp\/v2\/users\/1"}],"replies":[{"embeddable":true,"href":"https:\/\/www.abchukuk.com\/index.php\/wp-json\/wp\/v2\/comments?post=22687"}],"version-history":[{"count":0,"href":"https:\/\/www.abchukuk.com\/index.php\/wp-json\/wp\/v2\/posts\/22687\/revisions"}],"wp:featuredmedia":[{"embeddable":true,"href":"https:\/\/www.abchukuk.com\/index.php\/wp-json\/wp\/v2\/media\/22688"}],"wp:attachment":[{"href":"https:\/\/www.abchukuk.com\/index.php\/wp-json\/wp\/v2\/media?parent=22687"}],"wp:term":[{"taxonomy":"category","embeddable":true,"href":"https:\/\/www.abchukuk.com\/index.php\/wp-json\/wp\/v2\/categories?post=22687"},{"taxonomy":"post_tag","embeddable":true,"href":"https:\/\/www.abchukuk.com\/index.php\/wp-json\/wp\/v2\/tags?post=22687"}],"curies":[{"name":"wp","href":"https:\/\/api.w.org\/{rel}","templated":true}]}}