{"id":22685,"date":"2026-03-09T12:00:00","date_gmt":"2026-03-09T12:00:00","guid":{"rendered":"https:\/\/www.abchukuk.com\/index.php\/2026\/03\/09\/tutuklanan-tanju-ozcanin-avukatindan-dikkat-ceken-aciklama-ikinci-rapor-bize-gelmedi\/"},"modified":"2026-03-09T12:00:00","modified_gmt":"2026-03-09T12:00:00","slug":"tutuklanan-tanju-ozcanin-avukatindan-dikkat-ceken-aciklama-ikinci-rapor-bize-gelmedi","status":"publish","type":"post","link":"https:\/\/www.abchukuk.com\/index.php\/2026\/03\/09\/tutuklanan-tanju-ozcanin-avukatindan-dikkat-ceken-aciklama-ikinci-rapor-bize-gelmedi\/","title":{"rendered":"Tutuklanan Tanju \u00d6zcan&#8217;\u0131n avukat\u0131ndan dikkat \u00e7eken a\u00e7\u0131klama: &#8216;\u0130kinci rapor bize gelmedi&#8217;"},"content":{"rendered":"<p>Zincir marketlerin \u015fik\u00e2yeti \u00fczerine tutukland\u0131\u011f\u0131 iddia edilen Bolu Belediye Ba\u015fkan\u0131 Tanju \u00d6zcan&#8217;\u0131n avukat\u0131 U\u011fur Poyraz, market zincirlerinin herhangi bir \u015fik\u00e2yette bulunmad\u0131\u011f\u0131n\u0131 belirterek yetkililerin CHP \u0130l Ba\u015fkanl\u0131\u011f\u0131\u2019n\u0131 ziyaret etti\u011fini a\u00e7\u0131klad\u0131.Zincir marketlerin \u015fik\u00e2yeti \u00fczerine tutukland\u0131\u011f\u0131 iddia edilen Bolu Belediye Ba\u015fkan\u0131 Tanju \u00d6zcan&#8217;\u0131n avukat\u0131 U\u011fur Poyraz, market zincirlerinin herhangi bir \u015fik\u00e2yette bulunmad\u0131\u011f\u0131n\u0131 belirterek yetkililerin CHP \u0130l Ba\u015fkanl\u0131\u011f\u0131\u2019n\u0131 ziyaret etti\u011fini a\u00e7\u0131klad\u0131.\u00a0<a href=\"https:\/\/www.cumhuriyet.com.tr\/turkiye\/tutuklanan-tanju-ozcan-in-avukatindan-dikkat-ceken-aciklama-ikinci-rapor-bize-gelmedi-2485326\" target=\"_blank\" class=\"feedzy-rss-link-icon\">Read More<\/a><\/p>","protected":false},"excerpt":{"rendered":"<p>Zincir marketlerin \u015fik\u00e2yeti \u00fczerine tutukland\u0131\u011f\u0131 iddia edilen Bolu Belediye Ba\u015fkan\u0131 Tanju \u00d6zcan&#8217;\u0131n avukat\u0131 U\u011fur Poyraz, market zincirlerinin herhangi bir \u015fik\u00e2yette bulunmad\u0131\u011f\u0131n\u0131 belirterek yetkililerin CHP \u0130l Ba\u015fkanl\u0131\u011f\u0131\u2019n\u0131 ziyaret etti\u011fini a\u00e7\u0131klad\u0131.Zincir marketlerin \u015fik\u00e2yeti \u00fczerine tutukland\u0131\u011f\u0131 iddia edilen Bolu Belediye Ba\u015fkan\u0131 Tanju \u00d6zcan&#8217;\u0131n avukat\u0131 U\u011fur Poyraz, market zincirlerinin herhangi bir \u015fik\u00e2yette bulunmad\u0131\u011f\u0131n\u0131 belirterek yetkililerin CHP \u0130l Ba\u015fkanl\u0131\u011f\u0131\u2019n\u0131 ziyaret [&hellip;]<\/p>\n","protected":false},"author":1,"featured_media":22686,"comment_status":"open","ping_status":"open","sticky":false,"template":"","format":"standard","meta":{"footnotes":"","_links_to":"","_links_to_target":""},"categories":[1],"tags":[],"class_list":["post-22685","post","type-post","status-publish","format-standard","has-post-thumbnail","hentry","category-haberler"],"_links":{"self":[{"href":"https:\/\/www.abchukuk.com\/index.php\/wp-json\/wp\/v2\/posts\/22685","targetHints":{"allow":["GET"]}}],"collection":[{"href":"https:\/\/www.abchukuk.com\/index.php\/wp-json\/wp\/v2\/posts"}],"about":[{"href":"https:\/\/www.abchukuk.com\/index.php\/wp-json\/wp\/v2\/types\/post"}],"author":[{"embeddable":true,"href":"https:\/\/www.abchukuk.com\/index.php\/wp-json\/wp\/v2\/users\/1"}],"replies":[{"embeddable":true,"href":"https:\/\/www.abchukuk.com\/index.php\/wp-json\/wp\/v2\/comments?post=22685"}],"version-history":[{"count":0,"href":"https:\/\/www.abchukuk.com\/index.php\/wp-json\/wp\/v2\/posts\/22685\/revisions"}],"wp:featuredmedia":[{"embeddable":true,"href":"https:\/\/www.abchukuk.com\/index.php\/wp-json\/wp\/v2\/media\/22686"}],"wp:attachment":[{"href":"https:\/\/www.abchukuk.com\/index.php\/wp-json\/wp\/v2\/media?parent=22685"}],"wp:term":[{"taxonomy":"category","embeddable":true,"href":"https:\/\/www.abchukuk.com\/index.php\/wp-json\/wp\/v2\/categories?post=22685"},{"taxonomy":"post_tag","embeddable":true,"href":"https:\/\/www.abchukuk.com\/index.php\/wp-json\/wp\/v2\/tags?post=22685"}],"curies":[{"name":"wp","href":"https:\/\/api.w.org\/{rel}","templated":true}]}}