{"id":22683,"date":"2026-03-09T12:12:00","date_gmt":"2026-03-09T12:12:00","guid":{"rendered":"https:\/\/www.abchukuk.com\/index.php\/2026\/03\/09\/aymden-surekli-isci-kadrosuna-gecirilen-iscilerin-yer-degistirmelerini-engelleyen-kanun-maddesine-iptal\/"},"modified":"2026-03-09T12:12:00","modified_gmt":"2026-03-09T12:12:00","slug":"aymden-surekli-isci-kadrosuna-gecirilen-iscilerin-yer-degistirmelerini-engelleyen-kanun-maddesine-iptal","status":"publish","type":"post","link":"https:\/\/www.abchukuk.com\/index.php\/2026\/03\/09\/aymden-surekli-isci-kadrosuna-gecirilen-iscilerin-yer-degistirmelerini-engelleyen-kanun-maddesine-iptal\/","title":{"rendered":"AYM&#8217;den, s\u00fcrekli i\u015f\u00e7i kadrosuna ge\u00e7irilen i\u015f\u00e7ilerin yer de\u011fi\u015ftirmelerini engelleyen kanun maddesine iptal"},"content":{"rendered":"<p>Anayasa Mahkemesi, s\u00fcrekli i\u015f\u00e7i kadrosuna ge\u00e7irilen i\u015f\u00e7ilerin herhangi bir nedenle yer de\u011fi\u015ftirmelerine yasak getiren kural\u0131 iptal etti. \u0130ptal h\u00fckm\u00fc 9 ay sonra y\u00fcr\u00fcrl\u00fc\u011fe girecek.Anayasa Mahkemesi, s\u00fcrekli i\u015f\u00e7i kadrosuna ge\u00e7irilen i\u015f\u00e7ilerin herhangi bir nedenle yer de\u011fi\u015ftirmelerine yasak getiren kural\u0131 iptal etti. \u0130ptal h\u00fckm\u00fc 9 ay sonra y\u00fcr\u00fcrl\u00fc\u011fe girecek.\u00a0<a href=\"https:\/\/www.cumhuriyet.com.tr\/siyaset\/aym-den-surekli-isci-kadrosuna-gecirilen-iscilerin-yer-degistirmelerini-engelleyen-kanun-maddesine-iptal-2485332\" target=\"_blank\" class=\"feedzy-rss-link-icon\">Read More<\/a><\/p>","protected":false},"excerpt":{"rendered":"<p>Anayasa Mahkemesi, s\u00fcrekli i\u015f\u00e7i kadrosuna ge\u00e7irilen i\u015f\u00e7ilerin herhangi bir nedenle yer de\u011fi\u015ftirmelerine yasak getiren kural\u0131 iptal etti. \u0130ptal h\u00fckm\u00fc 9 ay sonra y\u00fcr\u00fcrl\u00fc\u011fe girecek.Anayasa Mahkemesi, s\u00fcrekli i\u015f\u00e7i kadrosuna ge\u00e7irilen i\u015f\u00e7ilerin herhangi bir nedenle yer de\u011fi\u015ftirmelerine yasak getiren kural\u0131 iptal etti. \u0130ptal h\u00fckm\u00fc 9 ay sonra y\u00fcr\u00fcrl\u00fc\u011fe girecek.\u00a0Read More<\/p>\n","protected":false},"author":1,"featured_media":22684,"comment_status":"open","ping_status":"open","sticky":false,"template":"","format":"standard","meta":{"footnotes":"","_links_to":"","_links_to_target":""},"categories":[1],"tags":[],"class_list":["post-22683","post","type-post","status-publish","format-standard","has-post-thumbnail","hentry","category-haberler"],"_links":{"self":[{"href":"https:\/\/www.abchukuk.com\/index.php\/wp-json\/wp\/v2\/posts\/22683","targetHints":{"allow":["GET"]}}],"collection":[{"href":"https:\/\/www.abchukuk.com\/index.php\/wp-json\/wp\/v2\/posts"}],"about":[{"href":"https:\/\/www.abchukuk.com\/index.php\/wp-json\/wp\/v2\/types\/post"}],"author":[{"embeddable":true,"href":"https:\/\/www.abchukuk.com\/index.php\/wp-json\/wp\/v2\/users\/1"}],"replies":[{"embeddable":true,"href":"https:\/\/www.abchukuk.com\/index.php\/wp-json\/wp\/v2\/comments?post=22683"}],"version-history":[{"count":0,"href":"https:\/\/www.abchukuk.com\/index.php\/wp-json\/wp\/v2\/posts\/22683\/revisions"}],"wp:featuredmedia":[{"embeddable":true,"href":"https:\/\/www.abchukuk.com\/index.php\/wp-json\/wp\/v2\/media\/22684"}],"wp:attachment":[{"href":"https:\/\/www.abchukuk.com\/index.php\/wp-json\/wp\/v2\/media?parent=22683"}],"wp:term":[{"taxonomy":"category","embeddable":true,"href":"https:\/\/www.abchukuk.com\/index.php\/wp-json\/wp\/v2\/categories?post=22683"},{"taxonomy":"post_tag","embeddable":true,"href":"https:\/\/www.abchukuk.com\/index.php\/wp-json\/wp\/v2\/tags?post=22683"}],"curies":[{"name":"wp","href":"https:\/\/api.w.org\/{rel}","templated":true}]}}