{"id":22681,"date":"2026-03-09T12:41:00","date_gmt":"2026-03-09T12:41:00","guid":{"rendered":"https:\/\/www.abchukuk.com\/index.php\/2026\/03\/09\/12-yargi-paketi-meclise-geldi-mi-ne-zaman-gelecek-12-yargi-paketinde-son-durum-nedir\/"},"modified":"2026-03-09T12:41:00","modified_gmt":"2026-03-09T12:41:00","slug":"12-yargi-paketi-meclise-geldi-mi-ne-zaman-gelecek-12-yargi-paketinde-son-durum-nedir","status":"publish","type":"post","link":"https:\/\/www.abchukuk.com\/index.php\/2026\/03\/09\/12-yargi-paketi-meclise-geldi-mi-ne-zaman-gelecek-12-yargi-paketinde-son-durum-nedir\/","title":{"rendered":"12. Yarg\u0131 Paketi Meclis&#8217;e geldi mi, ne zaman gelecek? 12. Yarg\u0131 Paketi&#8217;nde son durum nedir?"},"content":{"rendered":"<p>12. Yarg\u0131 Paketi ile ilgili son geli\u015fmeler merak ediliyor. Adalet Bakan\u0131 Ak\u0131n G\u00fcrlek paket hakk\u0131nda zaman zaman a\u00e7\u0131klamalarda bulunuyor. Vatanda\u015flar konuyu yak\u0131ndan takip ederken s\u0131k s\u0131k &#8220;12. Yarg\u0131 Paketi Meclis&#8217;e geldi mi, ne zaman gelecek&#8221; sorusu y\u00f6neltiliyor.12. Yarg\u0131 Paketi ile ilgili son geli\u015fmeler merak ediliyor. Adalet Bakan\u0131 Ak\u0131n G\u00fcrlek paket hakk\u0131nda zaman zaman a\u00e7\u0131klamalarda bulunuyor. Vatanda\u015flar konuyu yak\u0131ndan takip ederken s\u0131k s\u0131k &#8220;12. Yarg\u0131 Paketi Meclis&#8217;e geldi mi, ne zaman gelecek&#8221; sorusu y\u00f6neltiliyor.\u00a0<a href=\"https:\/\/www.dunya.com\/gundem\/12-yargi-paketi-meclise-geldi-mi-ne-zaman-gelecek-12-yargi-paketinde-son-durum-nedir-haberi-817635\" target=\"_blank\" class=\"feedzy-rss-link-icon\">Read More<\/a><\/p>","protected":false},"excerpt":{"rendered":"<p>12. Yarg\u0131 Paketi ile ilgili son geli\u015fmeler merak ediliyor. Adalet Bakan\u0131 Ak\u0131n G\u00fcrlek paket hakk\u0131nda zaman zaman a\u00e7\u0131klamalarda bulunuyor. Vatanda\u015flar konuyu yak\u0131ndan takip ederken s\u0131k s\u0131k &#8220;12. Yarg\u0131 Paketi Meclis&#8217;e geldi mi, ne zaman gelecek&#8221; sorusu y\u00f6neltiliyor.12. Yarg\u0131 Paketi ile ilgili son geli\u015fmeler merak ediliyor. Adalet Bakan\u0131 Ak\u0131n G\u00fcrlek paket hakk\u0131nda zaman zaman a\u00e7\u0131klamalarda bulunuyor. [&hellip;]<\/p>\n","protected":false},"author":1,"featured_media":22682,"comment_status":"open","ping_status":"open","sticky":false,"template":"","format":"standard","meta":{"footnotes":"","_links_to":"","_links_to_target":""},"categories":[1],"tags":[],"class_list":["post-22681","post","type-post","status-publish","format-standard","has-post-thumbnail","hentry","category-haberler"],"_links":{"self":[{"href":"https:\/\/www.abchukuk.com\/index.php\/wp-json\/wp\/v2\/posts\/22681","targetHints":{"allow":["GET"]}}],"collection":[{"href":"https:\/\/www.abchukuk.com\/index.php\/wp-json\/wp\/v2\/posts"}],"about":[{"href":"https:\/\/www.abchukuk.com\/index.php\/wp-json\/wp\/v2\/types\/post"}],"author":[{"embeddable":true,"href":"https:\/\/www.abchukuk.com\/index.php\/wp-json\/wp\/v2\/users\/1"}],"replies":[{"embeddable":true,"href":"https:\/\/www.abchukuk.com\/index.php\/wp-json\/wp\/v2\/comments?post=22681"}],"version-history":[{"count":0,"href":"https:\/\/www.abchukuk.com\/index.php\/wp-json\/wp\/v2\/posts\/22681\/revisions"}],"wp:featuredmedia":[{"embeddable":true,"href":"https:\/\/www.abchukuk.com\/index.php\/wp-json\/wp\/v2\/media\/22682"}],"wp:attachment":[{"href":"https:\/\/www.abchukuk.com\/index.php\/wp-json\/wp\/v2\/media?parent=22681"}],"wp:term":[{"taxonomy":"category","embeddable":true,"href":"https:\/\/www.abchukuk.com\/index.php\/wp-json\/wp\/v2\/categories?post=22681"},{"taxonomy":"post_tag","embeddable":true,"href":"https:\/\/www.abchukuk.com\/index.php\/wp-json\/wp\/v2\/tags?post=22681"}],"curies":[{"name":"wp","href":"https:\/\/api.w.org\/{rel}","templated":true}]}}