{"id":22673,"date":"2026-03-09T10:05:00","date_gmt":"2026-03-09T10:05:00","guid":{"rendered":"https:\/\/www.abchukuk.com\/index.php\/2026\/03\/09\/ak-parti-sozcusu-omer-celikten-iran-aciklamasi-arabuluculuk-turkiyede-olsa-bu-yasanmazdi\/"},"modified":"2026-03-09T10:05:00","modified_gmt":"2026-03-09T10:05:00","slug":"ak-parti-sozcusu-omer-celikten-iran-aciklamasi-arabuluculuk-turkiyede-olsa-bu-yasanmazdi","status":"publish","type":"post","link":"https:\/\/www.abchukuk.com\/index.php\/2026\/03\/09\/ak-parti-sozcusu-omer-celikten-iran-aciklamasi-arabuluculuk-turkiyede-olsa-bu-yasanmazdi\/","title":{"rendered":"AK Parti S\u00f6zc\u00fcs\u00fc \u00d6mer \u00c7elik&#8217;ten \u0130ran A\u00e7\u0131klamas\u0131: &#8216;Arabuluculuk T\u00fcrkiye&#8217;de Olsa Bu Ya\u015fanmazd\u0131&#8217;"},"content":{"rendered":"<p><a href=\"https:\/\/www.gercekgundem.com\/guncel\/ak-parti-sozcusu-omer-celikten-iran-aciklamasi-arabuluculuk-turkiyede-olsa-bu-yasanmazdi-567832\"><br \/>\n                                                            <img decoding=\"async\" src=\"https:\/\/i.gercekgundem.com\/2\/150\/84\/storage\/files\/images\/2026\/03\/09\/ak-parti-sozcusu-omer-celikten-iran-aciklamasi-arabuluculuk-turkiyede-olsa-bu-yasanmazdi-zycs.jpg\" width=\"150\" height=\"84\" border=\"0\" align=\"right\" \/><br \/>\n                                                    <\/a><\/p>\n<h4>AK Parti Genel Ba\u015fkan Yard\u0131mc\u0131s\u0131, Parti S\u00f6zc\u00fcs\u00fc \u00d6mer \u00c7elik, &#8220;\u0130ran&#8217;a vah\u015fice sald\u0131r\u0131ld\u0131. Bu olayla birlikte d\u00fcnya d\u00fczeni diye bir \u015fey kalmad\u0131&#8221; dedi. Arabuluculuk Cumhurba\u015fkan\u0131m\u0131z\u0131n \u00f6nderli\u011finde T\u00fcrkiye&#8217;de olsa bu ya\u015fanmazd\u0131 diyen \u00c7elik, &#8220;Masa \u0130stanbul&#8217;da kurulsa bunun a\u011f\u0131rl\u0131\u011f\u0131 farkl\u0131 olurdu&#8221; a\u00e7\u0131klamas\u0131nda bulundu.<\/h4>\n<p>AK Parti Genel Ba\u015fkan Yard\u0131mc\u0131s\u0131, Parti S\u00f6zc\u00fcs\u00fc \u00d6mer \u00c7elik, &#8220;\u0130ran&#8217;a vah\u015fice sald\u0131r\u0131ld\u0131. Bu olayla birlikte d\u00fcnya d\u00fczeni diye bir \u015fey kalmad\u0131&#8221; dedi. Arabuluculuk Cumhurba\u015fkan\u0131m\u0131z\u0131n \u00f6nderli\u011finde T\u00fcrkiye&#8217;de olsa bu ya\u015fanmazd\u0131 diyen \u00c7elik, &#8220;Masa \u0130stanbul&#8217;da kurulsa bunun a\u011f\u0131rl\u0131\u011f\u0131 farkl\u0131 olurdu&#8221; a\u00e7\u0131klamas\u0131nda bulundu.\u00a0<a href=\"https:\/\/www.gercekgundem.com\/guncel\/ak-parti-sozcusu-omer-celikten-iran-aciklamasi-arabuluculuk-turkiyede-olsa-bu-yasanmazdi-567832\" target=\"_blank\" class=\"feedzy-rss-link-icon\">Read More<\/a><\/p>","protected":false},"excerpt":{"rendered":"<p>AK Parti Genel Ba\u015fkan Yard\u0131mc\u0131s\u0131, Parti S\u00f6zc\u00fcs\u00fc \u00d6mer \u00c7elik, &#8220;\u0130ran&#8217;a vah\u015fice sald\u0131r\u0131ld\u0131. Bu olayla birlikte d\u00fcnya d\u00fczeni diye bir \u015fey kalmad\u0131&#8221; dedi. Arabuluculuk Cumhurba\u015fkan\u0131m\u0131z\u0131n \u00f6nderli\u011finde T\u00fcrkiye&#8217;de olsa bu ya\u015fanmazd\u0131 diyen \u00c7elik, &#8220;Masa \u0130stanbul&#8217;da kurulsa bunun a\u011f\u0131rl\u0131\u011f\u0131 farkl\u0131 olurdu&#8221; a\u00e7\u0131klamas\u0131nda bulundu. AK Parti Genel Ba\u015fkan Yard\u0131mc\u0131s\u0131, Parti S\u00f6zc\u00fcs\u00fc \u00d6mer \u00c7elik, &#8220;\u0130ran&#8217;a vah\u015fice sald\u0131r\u0131ld\u0131. Bu olayla birlikte [&hellip;]<\/p>\n","protected":false},"author":1,"featured_media":22674,"comment_status":"open","ping_status":"open","sticky":false,"template":"","format":"standard","meta":{"footnotes":"","_links_to":"","_links_to_target":""},"categories":[1],"tags":[],"class_list":["post-22673","post","type-post","status-publish","format-standard","has-post-thumbnail","hentry","category-haberler"],"_links":{"self":[{"href":"https:\/\/www.abchukuk.com\/index.php\/wp-json\/wp\/v2\/posts\/22673","targetHints":{"allow":["GET"]}}],"collection":[{"href":"https:\/\/www.abchukuk.com\/index.php\/wp-json\/wp\/v2\/posts"}],"about":[{"href":"https:\/\/www.abchukuk.com\/index.php\/wp-json\/wp\/v2\/types\/post"}],"author":[{"embeddable":true,"href":"https:\/\/www.abchukuk.com\/index.php\/wp-json\/wp\/v2\/users\/1"}],"replies":[{"embeddable":true,"href":"https:\/\/www.abchukuk.com\/index.php\/wp-json\/wp\/v2\/comments?post=22673"}],"version-history":[{"count":0,"href":"https:\/\/www.abchukuk.com\/index.php\/wp-json\/wp\/v2\/posts\/22673\/revisions"}],"wp:featuredmedia":[{"embeddable":true,"href":"https:\/\/www.abchukuk.com\/index.php\/wp-json\/wp\/v2\/media\/22674"}],"wp:attachment":[{"href":"https:\/\/www.abchukuk.com\/index.php\/wp-json\/wp\/v2\/media?parent=22673"}],"wp:term":[{"taxonomy":"category","embeddable":true,"href":"https:\/\/www.abchukuk.com\/index.php\/wp-json\/wp\/v2\/categories?post=22673"},{"taxonomy":"post_tag","embeddable":true,"href":"https:\/\/www.abchukuk.com\/index.php\/wp-json\/wp\/v2\/tags?post=22673"}],"curies":[{"name":"wp","href":"https:\/\/api.w.org\/{rel}","templated":true}]}}