{"id":22671,"date":"2026-03-09T10:09:00","date_gmt":"2026-03-09T10:09:00","guid":{"rendered":"https:\/\/www.abchukuk.com\/index.php\/2026\/03\/09\/tophane-cesmesini-yakan-supheli-adliyeye-sevk-edildi-5-suc-kaydi-cikti\/"},"modified":"2026-03-09T10:09:00","modified_gmt":"2026-03-09T10:09:00","slug":"tophane-cesmesini-yakan-supheli-adliyeye-sevk-edildi-5-suc-kaydi-cikti","status":"publish","type":"post","link":"https:\/\/www.abchukuk.com\/index.php\/2026\/03\/09\/tophane-cesmesini-yakan-supheli-adliyeye-sevk-edildi-5-suc-kaydi-cikti\/","title":{"rendered":"Tophane \u00c7e\u015fmesi\u2019ni yakan \u015f\u00fcpheli adliyeye sevk edildi: 5 su\u00e7 kayd\u0131 \u00e7\u0131kt\u0131!"},"content":{"rendered":"<p>\u0130stanbul\u2019da yakla\u015f\u0131k 300 y\u0131ll\u0131k tarihi Tophane \u00c7e\u015fmesi\u2019nin l\u00fcle k\u0131sm\u0131nda yakt\u0131\u011f\u0131 ate\u015f nedeniyle zarar veren \u015f\u00fcpheli yakaland\u0131. 5 su\u00e7 kayd\u0131 oldu\u011fu belirlenen \u015f\u00fcpheli, emniyetteki i\u015flemlerinin ard\u0131ndan adliyeye sevk edildi.\u0130stanbul\u2019da yakla\u015f\u0131k 300 y\u0131ll\u0131k tarihi Tophane \u00c7e\u015fmesi\u2019nin l\u00fcle k\u0131sm\u0131nda yakt\u0131\u011f\u0131 ate\u015f nedeniyle zarar veren \u015f\u00fcpheli yakaland\u0131. 5 su\u00e7 kayd\u0131 oldu\u011fu belirlenen \u015f\u00fcpheli, emniyetteki i\u015flemlerinin ard\u0131ndan adliyeye sevk edildi.\u00a0<a href=\"https:\/\/www.cumhuriyet.com.tr\/turkiye\/tophane-cesmesi-ni-yakan-supheli-adliyeye-sevk-edildi-5-suc-kaydi-cikti-2485295\" target=\"_blank\" class=\"feedzy-rss-link-icon\">Read More<\/a><\/p>","protected":false},"excerpt":{"rendered":"<p>\u0130stanbul\u2019da yakla\u015f\u0131k 300 y\u0131ll\u0131k tarihi Tophane \u00c7e\u015fmesi\u2019nin l\u00fcle k\u0131sm\u0131nda yakt\u0131\u011f\u0131 ate\u015f nedeniyle zarar veren \u015f\u00fcpheli yakaland\u0131. 5 su\u00e7 kayd\u0131 oldu\u011fu belirlenen \u015f\u00fcpheli, emniyetteki i\u015flemlerinin ard\u0131ndan adliyeye sevk edildi.\u0130stanbul\u2019da yakla\u015f\u0131k 300 y\u0131ll\u0131k tarihi Tophane \u00c7e\u015fmesi\u2019nin l\u00fcle k\u0131sm\u0131nda yakt\u0131\u011f\u0131 ate\u015f nedeniyle zarar veren \u015f\u00fcpheli yakaland\u0131. 5 su\u00e7 kayd\u0131 oldu\u011fu belirlenen \u015f\u00fcpheli, emniyetteki i\u015flemlerinin ard\u0131ndan adliyeye sevk edildi.\u00a0Read [&hellip;]<\/p>\n","protected":false},"author":1,"featured_media":22672,"comment_status":"open","ping_status":"open","sticky":false,"template":"","format":"standard","meta":{"footnotes":"","_links_to":"","_links_to_target":""},"categories":[1],"tags":[],"class_list":["post-22671","post","type-post","status-publish","format-standard","has-post-thumbnail","hentry","category-haberler"],"_links":{"self":[{"href":"https:\/\/www.abchukuk.com\/index.php\/wp-json\/wp\/v2\/posts\/22671","targetHints":{"allow":["GET"]}}],"collection":[{"href":"https:\/\/www.abchukuk.com\/index.php\/wp-json\/wp\/v2\/posts"}],"about":[{"href":"https:\/\/www.abchukuk.com\/index.php\/wp-json\/wp\/v2\/types\/post"}],"author":[{"embeddable":true,"href":"https:\/\/www.abchukuk.com\/index.php\/wp-json\/wp\/v2\/users\/1"}],"replies":[{"embeddable":true,"href":"https:\/\/www.abchukuk.com\/index.php\/wp-json\/wp\/v2\/comments?post=22671"}],"version-history":[{"count":0,"href":"https:\/\/www.abchukuk.com\/index.php\/wp-json\/wp\/v2\/posts\/22671\/revisions"}],"wp:featuredmedia":[{"embeddable":true,"href":"https:\/\/www.abchukuk.com\/index.php\/wp-json\/wp\/v2\/media\/22672"}],"wp:attachment":[{"href":"https:\/\/www.abchukuk.com\/index.php\/wp-json\/wp\/v2\/media?parent=22671"}],"wp:term":[{"taxonomy":"category","embeddable":true,"href":"https:\/\/www.abchukuk.com\/index.php\/wp-json\/wp\/v2\/categories?post=22671"},{"taxonomy":"post_tag","embeddable":true,"href":"https:\/\/www.abchukuk.com\/index.php\/wp-json\/wp\/v2\/tags?post=22671"}],"curies":[{"name":"wp","href":"https:\/\/api.w.org\/{rel}","templated":true}]}}