{"id":22670,"date":"2026-03-09T10:42:10","date_gmt":"2026-03-09T10:42:10","guid":{"rendered":"https:\/\/www.abchukuk.com\/index.php\/2026\/03\/09\/ibb-yolsuzluk-davasinda-durusma-gunu-ekrem-imamoglu-ilk-kez-hakim-karsisinda\/"},"modified":"2026-03-09T10:42:10","modified_gmt":"2026-03-09T10:42:10","slug":"ibb-yolsuzluk-davasinda-durusma-gunu-ekrem-imamoglu-ilk-kez-hakim-karsisinda","status":"publish","type":"post","link":"https:\/\/www.abchukuk.com\/index.php\/2026\/03\/09\/ibb-yolsuzluk-davasinda-durusma-gunu-ekrem-imamoglu-ilk-kez-hakim-karsisinda\/","title":{"rendered":"\u0130BB yolsuzluk davas\u0131nda duru\u015fma g\u00fcn\u00fc: Ekrem \u0130mamo\u011flu ilk kez hakim kar\u015f\u0131s\u0131nda"},"content":{"rendered":"<p>&#8220;\u0130mamo\u011flu \u00e7\u0131kar ama\u00e7l\u0131 su\u00e7 \u00f6rg\u00fct\u00fc&#8221;ne ili\u015fkin davada 107&#8217;si tutuklu, 5&#8217;i &#8220;m\u00fc\u015fteki san\u0131k&#8221; olmak \u00fczere 407 san\u0131\u011f\u0131n yarg\u0131land\u0131\u011f\u0131 davan\u0131n ilk duru\u015fmas\u0131 ba\u015flad\u0131.&#8221;\u0130mamo\u011flu \u00e7\u0131kar ama\u00e7l\u0131 su\u00e7 \u00f6rg\u00fct\u00fc&#8221;ne ili\u015fkin davada 107&#8217;si tutuklu, 5&#8217;i &#8220;m\u00fc\u015fteki san\u0131k&#8221; olmak \u00fczere 407 san\u0131\u011f\u0131n yarg\u0131land\u0131\u011f\u0131 davan\u0131n ilk duru\u015fmas\u0131 ba\u015flad\u0131.\u00a0<a href=\"https:\/\/anlatilaninotesi.com.tr\/20260309\/ibb-yolsuzluk-davasinda-durusma-gunu-ekrem-imamoglu-ilk-kez-hakim-karsisinda-1104117178.html\" target=\"_blank\" class=\"feedzy-rss-link-icon\">Read More<\/a><\/p>","protected":false},"excerpt":{"rendered":"<p>&#8220;\u0130mamo\u011flu \u00e7\u0131kar ama\u00e7l\u0131 su\u00e7 \u00f6rg\u00fct\u00fc&#8221;ne ili\u015fkin davada 107&#8217;si tutuklu, 5&#8217;i &#8220;m\u00fc\u015fteki san\u0131k&#8221; olmak \u00fczere 407 san\u0131\u011f\u0131n yarg\u0131land\u0131\u011f\u0131 davan\u0131n ilk duru\u015fmas\u0131 ba\u015flad\u0131.&#8221;\u0130mamo\u011flu \u00e7\u0131kar ama\u00e7l\u0131 su\u00e7 \u00f6rg\u00fct\u00fc&#8221;ne ili\u015fkin davada 107&#8217;si tutuklu, 5&#8217;i &#8220;m\u00fc\u015fteki san\u0131k&#8221; olmak \u00fczere 407 san\u0131\u011f\u0131n yarg\u0131land\u0131\u011f\u0131 davan\u0131n ilk duru\u015fmas\u0131 ba\u015flad\u0131.\u00a0Read More<\/p>\n","protected":false},"author":1,"featured_media":0,"comment_status":"open","ping_status":"open","sticky":false,"template":"","format":"standard","meta":{"footnotes":"","_links_to":"","_links_to_target":""},"categories":[1],"tags":[],"class_list":["post-22670","post","type-post","status-publish","format-standard","hentry","category-haberler"],"_links":{"self":[{"href":"https:\/\/www.abchukuk.com\/index.php\/wp-json\/wp\/v2\/posts\/22670","targetHints":{"allow":["GET"]}}],"collection":[{"href":"https:\/\/www.abchukuk.com\/index.php\/wp-json\/wp\/v2\/posts"}],"about":[{"href":"https:\/\/www.abchukuk.com\/index.php\/wp-json\/wp\/v2\/types\/post"}],"author":[{"embeddable":true,"href":"https:\/\/www.abchukuk.com\/index.php\/wp-json\/wp\/v2\/users\/1"}],"replies":[{"embeddable":true,"href":"https:\/\/www.abchukuk.com\/index.php\/wp-json\/wp\/v2\/comments?post=22670"}],"version-history":[{"count":0,"href":"https:\/\/www.abchukuk.com\/index.php\/wp-json\/wp\/v2\/posts\/22670\/revisions"}],"wp:attachment":[{"href":"https:\/\/www.abchukuk.com\/index.php\/wp-json\/wp\/v2\/media?parent=22670"}],"wp:term":[{"taxonomy":"category","embeddable":true,"href":"https:\/\/www.abchukuk.com\/index.php\/wp-json\/wp\/v2\/categories?post=22670"},{"taxonomy":"post_tag","embeddable":true,"href":"https:\/\/www.abchukuk.com\/index.php\/wp-json\/wp\/v2\/tags?post=22670"}],"curies":[{"name":"wp","href":"https:\/\/api.w.org\/{rel}","templated":true}]}}