{"id":22659,"date":"2026-03-09T08:56:00","date_gmt":"2026-03-09T08:56:00","guid":{"rendered":"https:\/\/www.abchukuk.com\/index.php\/2026\/03\/09\/ibb-davasinda-ilk-durusma-gunu-silivride-neler-oluyor-tum-gelismeler-cumhuriyet-tvde\/"},"modified":"2026-03-09T08:56:00","modified_gmt":"2026-03-09T08:56:00","slug":"ibb-davasinda-ilk-durusma-gunu-silivride-neler-oluyor-tum-gelismeler-cumhuriyet-tvde","status":"publish","type":"post","link":"https:\/\/www.abchukuk.com\/index.php\/2026\/03\/09\/ibb-davasinda-ilk-durusma-gunu-silivride-neler-oluyor-tum-gelismeler-cumhuriyet-tvde\/","title":{"rendered":"\u0130BB davas\u0131nda ilk duru\u015fma g\u00fcn\u00fc: Silivri&#8217;de neler oluyor? T\u00fcm geli\u015fmeler Cumhuriyet TV&#8217;de&#8230;"},"content":{"rendered":"<p>Aralar\u0131nda CHP&#8217;nin cumhurba\u015fkan\u0131 aday\u0131 ve \u0130BB Ba\u015fkan\u0131 Ekrem \u0130mamo\u011flu\u2019nun da bulundu\u011fu 106\u2019s\u0131 tutuklu 402 san\u0131\u011f\u0131n yarg\u0131land\u0131\u011f\u0131 \u0130BB davas\u0131n\u0131n ilk duru\u015fmas\u0131 bug\u00fcn ba\u015flad\u0131. Cumhuriyet TV ekibi, canl\u0131 yay\u0131ndan t\u00fcm geli\u015fmeleri dakika dakika aktar\u0131yor.Aralar\u0131nda CHP&#8217;nin cumhurba\u015fkan\u0131 aday\u0131 ve \u0130BB Ba\u015fkan\u0131 Ekrem \u0130mamo\u011flu\u2019nun da bulundu\u011fu 106\u2019s\u0131 tutuklu 402 san\u0131\u011f\u0131n yarg\u0131land\u0131\u011f\u0131 \u0130BB davas\u0131n\u0131n ilk duru\u015fmas\u0131 bug\u00fcn ba\u015flad\u0131. Cumhuriyet TV ekibi, canl\u0131 yay\u0131ndan t\u00fcm geli\u015fmeleri dakika dakika aktar\u0131yor.\u00a0<a href=\"https:\/\/www.cumhuriyet.com.tr\/turkiye\/ibb-davasinda-ilk-durusma-gunu-silivri-de-neler-oluyor-tum-gelismeler-cumhuriyet-tv-de-2485264\" target=\"_blank\" class=\"feedzy-rss-link-icon\">Read More<\/a><\/p>","protected":false},"excerpt":{"rendered":"<p>Aralar\u0131nda CHP&#8217;nin cumhurba\u015fkan\u0131 aday\u0131 ve \u0130BB Ba\u015fkan\u0131 Ekrem \u0130mamo\u011flu\u2019nun da bulundu\u011fu 106\u2019s\u0131 tutuklu 402 san\u0131\u011f\u0131n yarg\u0131land\u0131\u011f\u0131 \u0130BB davas\u0131n\u0131n ilk duru\u015fmas\u0131 bug\u00fcn ba\u015flad\u0131. Cumhuriyet TV ekibi, canl\u0131 yay\u0131ndan t\u00fcm geli\u015fmeleri dakika dakika aktar\u0131yor.Aralar\u0131nda CHP&#8217;nin cumhurba\u015fkan\u0131 aday\u0131 ve \u0130BB Ba\u015fkan\u0131 Ekrem \u0130mamo\u011flu\u2019nun da bulundu\u011fu 106\u2019s\u0131 tutuklu 402 san\u0131\u011f\u0131n yarg\u0131land\u0131\u011f\u0131 \u0130BB davas\u0131n\u0131n ilk duru\u015fmas\u0131 bug\u00fcn ba\u015flad\u0131. Cumhuriyet TV [&hellip;]<\/p>\n","protected":false},"author":1,"featured_media":22660,"comment_status":"open","ping_status":"open","sticky":false,"template":"","format":"standard","meta":{"footnotes":"","_links_to":"","_links_to_target":""},"categories":[1],"tags":[],"class_list":["post-22659","post","type-post","status-publish","format-standard","has-post-thumbnail","hentry","category-haberler"],"_links":{"self":[{"href":"https:\/\/www.abchukuk.com\/index.php\/wp-json\/wp\/v2\/posts\/22659","targetHints":{"allow":["GET"]}}],"collection":[{"href":"https:\/\/www.abchukuk.com\/index.php\/wp-json\/wp\/v2\/posts"}],"about":[{"href":"https:\/\/www.abchukuk.com\/index.php\/wp-json\/wp\/v2\/types\/post"}],"author":[{"embeddable":true,"href":"https:\/\/www.abchukuk.com\/index.php\/wp-json\/wp\/v2\/users\/1"}],"replies":[{"embeddable":true,"href":"https:\/\/www.abchukuk.com\/index.php\/wp-json\/wp\/v2\/comments?post=22659"}],"version-history":[{"count":0,"href":"https:\/\/www.abchukuk.com\/index.php\/wp-json\/wp\/v2\/posts\/22659\/revisions"}],"wp:featuredmedia":[{"embeddable":true,"href":"https:\/\/www.abchukuk.com\/index.php\/wp-json\/wp\/v2\/media\/22660"}],"wp:attachment":[{"href":"https:\/\/www.abchukuk.com\/index.php\/wp-json\/wp\/v2\/media?parent=22659"}],"wp:term":[{"taxonomy":"category","embeddable":true,"href":"https:\/\/www.abchukuk.com\/index.php\/wp-json\/wp\/v2\/categories?post=22659"},{"taxonomy":"post_tag","embeddable":true,"href":"https:\/\/www.abchukuk.com\/index.php\/wp-json\/wp\/v2\/tags?post=22659"}],"curies":[{"name":"wp","href":"https:\/\/api.w.org\/{rel}","templated":true}]}}