{"id":22658,"date":"2026-03-09T07:32:17","date_gmt":"2026-03-09T07:32:17","guid":{"rendered":"https:\/\/www.abchukuk.com\/index.php\/2026\/03\/09\/ekrem-imamoglunun-da-yargilandigi-ibb-davasi-bugun-basliyor\/"},"modified":"2026-03-09T07:32:17","modified_gmt":"2026-03-09T07:32:17","slug":"ekrem-imamoglunun-da-yargilandigi-ibb-davasi-bugun-basliyor","status":"publish","type":"post","link":"https:\/\/www.abchukuk.com\/index.php\/2026\/03\/09\/ekrem-imamoglunun-da-yargilandigi-ibb-davasi-bugun-basliyor\/","title":{"rendered":"Ekrem \u0130mamo\u011flu&#8217;nun da yarg\u0131land\u0131\u011f\u0131 \u0130BB davas\u0131 bug\u00fcn ba\u015fl\u0131yor"},"content":{"rendered":"<p>\u0130stanbul B\u00fcy\u00fck\u015fehir Belediye Ba\u015fkanl\u0131\u011f\u0131&#8217;ndan (\u0130BB) uzakla\u015ft\u0131r\u0131lan Ekrem \u0130mamo\u011flu&#8217;nun da aralar\u0131nda bulundu\u011fu 107&#8217;si tutuklu 402 ki\u015finin yarg\u0131land\u0131\u011f\u0131 \u0130BB davas\u0131 bug\u00fcn ba\u015fl\u0131yor. Davan\u0131n ilk duru\u015fmas\u0131 Silivri&#8217;deki Marmara Ceza \u0130nfaz Kurumu Yerle\u015fkesi&#8217;nde g\u00f6r\u00fcl\u00fcyor.\u0130stanbul B\u00fcy\u00fck\u015fehir Belediye Ba\u015fkanl\u0131\u011f\u0131&#8217;ndan (\u0130BB) uzakla\u015ft\u0131r\u0131lan Ekrem \u0130mamo\u011flu&#8217;nun da aralar\u0131nda bulundu\u011fu 107&#8217;si tutuklu 402 ki\u015finin yarg\u0131land\u0131\u011f\u0131 \u0130BB davas\u0131 bug\u00fcn ba\u015fl\u0131yor. Davan\u0131n ilk duru\u015fmas\u0131 Silivri&#8217;deki Marmara Ceza \u0130nfaz Kurumu Yerle\u015fkesi&#8217;nde g\u00f6r\u00fcl\u00fcyor.\u00a0<a href=\"https:\/\/www.bbc.com\/turkce\/articles\/c4gj41gp4dxo?at_medium=RSS&amp;at_campaign=rss\" target=\"_blank\" class=\"feedzy-rss-link-icon\">Read More<\/a><\/p>","protected":false},"excerpt":{"rendered":"<p>\u0130stanbul B\u00fcy\u00fck\u015fehir Belediye Ba\u015fkanl\u0131\u011f\u0131&#8217;ndan (\u0130BB) uzakla\u015ft\u0131r\u0131lan Ekrem \u0130mamo\u011flu&#8217;nun da aralar\u0131nda bulundu\u011fu 107&#8217;si tutuklu 402 ki\u015finin yarg\u0131land\u0131\u011f\u0131 \u0130BB davas\u0131 bug\u00fcn ba\u015fl\u0131yor. Davan\u0131n ilk duru\u015fmas\u0131 Silivri&#8217;deki Marmara Ceza \u0130nfaz Kurumu Yerle\u015fkesi&#8217;nde g\u00f6r\u00fcl\u00fcyor.\u0130stanbul B\u00fcy\u00fck\u015fehir Belediye Ba\u015fkanl\u0131\u011f\u0131&#8217;ndan (\u0130BB) uzakla\u015ft\u0131r\u0131lan Ekrem \u0130mamo\u011flu&#8217;nun da aralar\u0131nda bulundu\u011fu 107&#8217;si tutuklu 402 ki\u015finin yarg\u0131land\u0131\u011f\u0131 \u0130BB davas\u0131 bug\u00fcn ba\u015fl\u0131yor. Davan\u0131n ilk duru\u015fmas\u0131 Silivri&#8217;deki Marmara Ceza [&hellip;]<\/p>\n","protected":false},"author":1,"featured_media":22639,"comment_status":"open","ping_status":"open","sticky":false,"template":"","format":"standard","meta":{"footnotes":"","_links_to":"","_links_to_target":""},"categories":[1],"tags":[],"class_list":["post-22658","post","type-post","status-publish","format-standard","has-post-thumbnail","hentry","category-haberler"],"_links":{"self":[{"href":"https:\/\/www.abchukuk.com\/index.php\/wp-json\/wp\/v2\/posts\/22658","targetHints":{"allow":["GET"]}}],"collection":[{"href":"https:\/\/www.abchukuk.com\/index.php\/wp-json\/wp\/v2\/posts"}],"about":[{"href":"https:\/\/www.abchukuk.com\/index.php\/wp-json\/wp\/v2\/types\/post"}],"author":[{"embeddable":true,"href":"https:\/\/www.abchukuk.com\/index.php\/wp-json\/wp\/v2\/users\/1"}],"replies":[{"embeddable":true,"href":"https:\/\/www.abchukuk.com\/index.php\/wp-json\/wp\/v2\/comments?post=22658"}],"version-history":[{"count":0,"href":"https:\/\/www.abchukuk.com\/index.php\/wp-json\/wp\/v2\/posts\/22658\/revisions"}],"wp:featuredmedia":[{"embeddable":true,"href":"https:\/\/www.abchukuk.com\/index.php\/wp-json\/wp\/v2\/media\/22639"}],"wp:attachment":[{"href":"https:\/\/www.abchukuk.com\/index.php\/wp-json\/wp\/v2\/media?parent=22658"}],"wp:term":[{"taxonomy":"category","embeddable":true,"href":"https:\/\/www.abchukuk.com\/index.php\/wp-json\/wp\/v2\/categories?post=22658"},{"taxonomy":"post_tag","embeddable":true,"href":"https:\/\/www.abchukuk.com\/index.php\/wp-json\/wp\/v2\/tags?post=22658"}],"curies":[{"name":"wp","href":"https:\/\/api.w.org\/{rel}","templated":true}]}}