{"id":22652,"date":"2026-03-09T05:48:00","date_gmt":"2026-03-09T05:48:00","guid":{"rendered":"https:\/\/www.abchukuk.com\/index.php\/2026\/03\/09\/ibb-davasinda-ilk-durusma-bugun-silivride-ekrem-imamoglu-dahil-402-sanik-yargilanacak\/"},"modified":"2026-03-09T05:48:00","modified_gmt":"2026-03-09T05:48:00","slug":"ibb-davasinda-ilk-durusma-bugun-silivride-ekrem-imamoglu-dahil-402-sanik-yargilanacak","status":"publish","type":"post","link":"https:\/\/www.abchukuk.com\/index.php\/2026\/03\/09\/ibb-davasinda-ilk-durusma-bugun-silivride-ekrem-imamoglu-dahil-402-sanik-yargilanacak\/","title":{"rendered":"\u0130BB davas\u0131nda ilk duru\u015fma bug\u00fcn Silivri\u2019de: Ekrem \u0130mamo\u011flu dahil 402 san\u0131k yarg\u0131lanacak"},"content":{"rendered":"<p>\u0130BB Ba\u015fkan\u0131 Ekrem \u0130mamo\u011flu\u2019nun da aralar\u0131nda bulundu\u011fu 105\u2019i tutuklu toplam 402 san\u0131\u011f\u0131n yarg\u0131land\u0131\u011f\u0131 davan\u0131n ilk duru\u015fmas\u0131 bug\u00fcn Silivri\u2019de g\u00f6r\u00fclecek. \u0130BB\u2019ye y\u00f6nelik y\u00fcr\u00fct\u00fclen ve yakla\u015f\u0131k 8 ay s\u00fcren soru\u015fturman\u0131n ard\u0131ndan haz\u0131rlanan iddianamede san\u0131klar hakk\u0131nda &#8220;su\u00e7 \u00f6rg\u00fct\u00fc kurma&#8221;, &#8220;r\u00fc\u015fvet&#8221;, &#8220;ihaleye fesat kar\u0131\u015ft\u0131rma&#8221; ve &#8220;kamu kurumlar\u0131n\u0131 zarara u\u011fratma&#8221; gibi \u00e7ok say\u0131da su\u00e7lama yer ald\u0131. Savc\u0131l\u0131k, \u0130mamo\u011flu i\u00e7in 2 bin 430 y\u0131la kadar hapis cezas\u0131 talep ederken, dosyada toplam 143 ayr\u0131 su\u00e7 eylemi ve milyarlarca liral\u0131k kamu zarar\u0131 iddias\u0131 bulunuyor. \u0130\u015fte tarihi davan\u0131n detaylar\u0131&#8230;\u0130BB Ba\u015fkan\u0131 Ekrem \u0130mamo\u011flu\u2019nun da aralar\u0131nda bulundu\u011fu 105\u2019i tutuklu toplam 402 san\u0131\u011f\u0131n yarg\u0131land\u0131\u011f\u0131 davan\u0131n ilk duru\u015fmas\u0131 bug\u00fcn Silivri\u2019de g\u00f6r\u00fclecek. \u0130BB\u2019ye y\u00f6nelik y\u00fcr\u00fct\u00fclen ve yakla\u015f\u0131k 8 ay s\u00fcren soru\u015fturman\u0131n ard\u0131ndan haz\u0131rlanan iddianamede san\u0131klar hakk\u0131nda &#8220;su\u00e7 \u00f6rg\u00fct\u00fc kurma&#8221;, &#8220;r\u00fc\u015fvet&#8221;, &#8220;ihaleye fesat kar\u0131\u015ft\u0131rma&#8221; ve &#8220;kamu kurumlar\u0131n\u0131 zarara u\u011fratma&#8221; gibi \u00e7ok say\u0131da su\u00e7lama yer ald\u0131. Savc\u0131l\u0131k, \u0130mamo\u011flu i\u00e7in 2 bin 430 y\u0131la kadar hapis cezas\u0131 talep ederken, dosyada toplam 143 ayr\u0131 su\u00e7 eylemi ve milyarlarca liral\u0131k kamu zarar\u0131 iddias\u0131 bulunuyor. \u0130\u015fte tarihi davan\u0131n detaylar\u0131&#8230;\u00a0<a href=\"https:\/\/www.dunya.com\/gundem\/ibb-davasinda-ilk-durusma-bugun-silivride-ekrem-imamoglu-dahil-402-sanik-yargilanacak-haberi-817562\" target=\"_blank\" class=\"feedzy-rss-link-icon\">Read More<\/a><\/p>","protected":false},"excerpt":{"rendered":"<p>\u0130BB Ba\u015fkan\u0131 Ekrem \u0130mamo\u011flu\u2019nun da aralar\u0131nda bulundu\u011fu 105\u2019i tutuklu toplam 402 san\u0131\u011f\u0131n yarg\u0131land\u0131\u011f\u0131 davan\u0131n ilk duru\u015fmas\u0131 bug\u00fcn Silivri\u2019de g\u00f6r\u00fclecek. \u0130BB\u2019ye y\u00f6nelik y\u00fcr\u00fct\u00fclen ve yakla\u015f\u0131k 8 ay s\u00fcren soru\u015fturman\u0131n ard\u0131ndan haz\u0131rlanan iddianamede san\u0131klar hakk\u0131nda &#8220;su\u00e7 \u00f6rg\u00fct\u00fc kurma&#8221;, &#8220;r\u00fc\u015fvet&#8221;, &#8220;ihaleye fesat kar\u0131\u015ft\u0131rma&#8221; ve &#8220;kamu kurumlar\u0131n\u0131 zarara u\u011fratma&#8221; gibi \u00e7ok say\u0131da su\u00e7lama yer ald\u0131. Savc\u0131l\u0131k, \u0130mamo\u011flu i\u00e7in 2 [&hellip;]<\/p>\n","protected":false},"author":1,"featured_media":22653,"comment_status":"open","ping_status":"open","sticky":false,"template":"","format":"standard","meta":{"footnotes":"","_links_to":"","_links_to_target":""},"categories":[1],"tags":[],"class_list":["post-22652","post","type-post","status-publish","format-standard","has-post-thumbnail","hentry","category-haberler"],"_links":{"self":[{"href":"https:\/\/www.abchukuk.com\/index.php\/wp-json\/wp\/v2\/posts\/22652","targetHints":{"allow":["GET"]}}],"collection":[{"href":"https:\/\/www.abchukuk.com\/index.php\/wp-json\/wp\/v2\/posts"}],"about":[{"href":"https:\/\/www.abchukuk.com\/index.php\/wp-json\/wp\/v2\/types\/post"}],"author":[{"embeddable":true,"href":"https:\/\/www.abchukuk.com\/index.php\/wp-json\/wp\/v2\/users\/1"}],"replies":[{"embeddable":true,"href":"https:\/\/www.abchukuk.com\/index.php\/wp-json\/wp\/v2\/comments?post=22652"}],"version-history":[{"count":0,"href":"https:\/\/www.abchukuk.com\/index.php\/wp-json\/wp\/v2\/posts\/22652\/revisions"}],"wp:featuredmedia":[{"embeddable":true,"href":"https:\/\/www.abchukuk.com\/index.php\/wp-json\/wp\/v2\/media\/22653"}],"wp:attachment":[{"href":"https:\/\/www.abchukuk.com\/index.php\/wp-json\/wp\/v2\/media?parent=22652"}],"wp:term":[{"taxonomy":"category","embeddable":true,"href":"https:\/\/www.abchukuk.com\/index.php\/wp-json\/wp\/v2\/categories?post=22652"},{"taxonomy":"post_tag","embeddable":true,"href":"https:\/\/www.abchukuk.com\/index.php\/wp-json\/wp\/v2\/tags?post=22652"}],"curies":[{"name":"wp","href":"https:\/\/api.w.org\/{rel}","templated":true}]}}