{"id":22650,"date":"2026-03-09T04:43:00","date_gmt":"2026-03-09T04:43:00","guid":{"rendered":"https:\/\/www.abchukuk.com\/index.php\/2026\/03\/09\/istanbulda-temel-kazisi-toprak-kaymasina-yol-acti-17-dairelik-bina-tahliye-edildi-muhurlendi\/"},"modified":"2026-03-09T04:43:00","modified_gmt":"2026-03-09T04:43:00","slug":"istanbulda-temel-kazisi-toprak-kaymasina-yol-acti-17-dairelik-bina-tahliye-edildi-muhurlendi","status":"publish","type":"post","link":"https:\/\/www.abchukuk.com\/index.php\/2026\/03\/09\/istanbulda-temel-kazisi-toprak-kaymasina-yol-acti-17-dairelik-bina-tahliye-edildi-muhurlendi\/","title":{"rendered":"\u0130stanbul&#8217;da temel kaz\u0131s\u0131 toprak kaymas\u0131na yol a\u00e7t\u0131: 17 dairelik bina tahliye edildi, m\u00fch\u00fcrlendi!"},"content":{"rendered":"<p>\u0130stanbul Bah\u00e7elievler&#8217;de kentsel d\u00f6n\u00fc\u015f\u00fcm kapsam\u0131nda y\u0131k\u0131lmas\u0131 planlanan binan\u0131n yan\u0131nda yap\u0131lan temel kaz\u0131s\u0131 s\u0131ras\u0131nda toprak kaymas\u0131 meydana geldi. Temelinde kayma olu\u015ftu\u011fu belirlenen 4 katl\u0131 bina tahliye edilirken, toprak kaymas\u0131 cep telefonu kameras\u0131na yans\u0131d\u0131.\u0130stanbul Bah\u00e7elievler&#8217;de kentsel d\u00f6n\u00fc\u015f\u00fcm kapsam\u0131nda y\u0131k\u0131lmas\u0131 planlanan binan\u0131n yan\u0131nda yap\u0131lan temel kaz\u0131s\u0131 s\u0131ras\u0131nda toprak kaymas\u0131 meydana geldi. Temelinde kayma olu\u015ftu\u011fu belirlenen 4 katl\u0131 bina tahliye edilirken, toprak kaymas\u0131 cep telefonu kameras\u0131na yans\u0131d\u0131.\u00a0<a href=\"https:\/\/www.cumhuriyet.com.tr\/turkiye\/istanbul-da-temel-kazisi-toprak-kaymasina-yol-acti-17-dairelik-bina-tahliye-edildi-muhurlendi-2485194\" target=\"_blank\" class=\"feedzy-rss-link-icon\">Read More<\/a><\/p>","protected":false},"excerpt":{"rendered":"<p>\u0130stanbul Bah\u00e7elievler&#8217;de kentsel d\u00f6n\u00fc\u015f\u00fcm kapsam\u0131nda y\u0131k\u0131lmas\u0131 planlanan binan\u0131n yan\u0131nda yap\u0131lan temel kaz\u0131s\u0131 s\u0131ras\u0131nda toprak kaymas\u0131 meydana geldi. Temelinde kayma olu\u015ftu\u011fu belirlenen 4 katl\u0131 bina tahliye edilirken, toprak kaymas\u0131 cep telefonu kameras\u0131na yans\u0131d\u0131.\u0130stanbul Bah\u00e7elievler&#8217;de kentsel d\u00f6n\u00fc\u015f\u00fcm kapsam\u0131nda y\u0131k\u0131lmas\u0131 planlanan binan\u0131n yan\u0131nda yap\u0131lan temel kaz\u0131s\u0131 s\u0131ras\u0131nda toprak kaymas\u0131 meydana geldi. Temelinde kayma olu\u015ftu\u011fu belirlenen 4 katl\u0131 bina [&hellip;]<\/p>\n","protected":false},"author":1,"featured_media":22651,"comment_status":"open","ping_status":"open","sticky":false,"template":"","format":"standard","meta":{"footnotes":"","_links_to":"","_links_to_target":""},"categories":[1],"tags":[],"class_list":["post-22650","post","type-post","status-publish","format-standard","has-post-thumbnail","hentry","category-haberler"],"_links":{"self":[{"href":"https:\/\/www.abchukuk.com\/index.php\/wp-json\/wp\/v2\/posts\/22650","targetHints":{"allow":["GET"]}}],"collection":[{"href":"https:\/\/www.abchukuk.com\/index.php\/wp-json\/wp\/v2\/posts"}],"about":[{"href":"https:\/\/www.abchukuk.com\/index.php\/wp-json\/wp\/v2\/types\/post"}],"author":[{"embeddable":true,"href":"https:\/\/www.abchukuk.com\/index.php\/wp-json\/wp\/v2\/users\/1"}],"replies":[{"embeddable":true,"href":"https:\/\/www.abchukuk.com\/index.php\/wp-json\/wp\/v2\/comments?post=22650"}],"version-history":[{"count":0,"href":"https:\/\/www.abchukuk.com\/index.php\/wp-json\/wp\/v2\/posts\/22650\/revisions"}],"wp:featuredmedia":[{"embeddable":true,"href":"https:\/\/www.abchukuk.com\/index.php\/wp-json\/wp\/v2\/media\/22651"}],"wp:attachment":[{"href":"https:\/\/www.abchukuk.com\/index.php\/wp-json\/wp\/v2\/media?parent=22650"}],"wp:term":[{"taxonomy":"category","embeddable":true,"href":"https:\/\/www.abchukuk.com\/index.php\/wp-json\/wp\/v2\/categories?post=22650"},{"taxonomy":"post_tag","embeddable":true,"href":"https:\/\/www.abchukuk.com\/index.php\/wp-json\/wp\/v2\/tags?post=22650"}],"curies":[{"name":"wp","href":"https:\/\/api.w.org\/{rel}","templated":true}]}}