{"id":22646,"date":"2026-03-09T01:00:00","date_gmt":"2026-03-09T01:00:00","guid":{"rendered":"https:\/\/www.abchukuk.com\/index.php\/2026\/03\/09\/3-bin-900-sayfalik-iddianameyle-acilan-davada-imamoglunun-da-oldugu-402-sanikli-ibb-davasi-bugun-yargilama-basliyor\/"},"modified":"2026-03-09T01:00:00","modified_gmt":"2026-03-09T01:00:00","slug":"3-bin-900-sayfalik-iddianameyle-acilan-davada-imamoglunun-da-oldugu-402-sanikli-ibb-davasi-bugun-yargilama-basliyor","status":"publish","type":"post","link":"https:\/\/www.abchukuk.com\/index.php\/2026\/03\/09\/3-bin-900-sayfalik-iddianameyle-acilan-davada-imamoglunun-da-oldugu-402-sanikli-ibb-davasi-bugun-yargilama-basliyor\/","title":{"rendered":"3 bin 900 sayfal\u0131k iddianameyle a\u00e7\u0131lan davada \u0130mamo\u011flu\u2019nun da oldu\u011fu 402 san\u0131kl\u0131 \u0130BB davas\u0131 bug\u00fcn: Yarg\u0131lama ba\u015fl\u0131yor"},"content":{"rendered":"<p>Nisan sonuna dek haftan\u0131n d\u00f6rt g\u00fcn\u00fc duru\u015fma yap\u0131lmas\u0131 planlan\u0131yor. Kaymakaml\u0131k cezaevi \u00e7evresinde toplant\u0131, bas\u0131n a\u00e7\u0131klamas\u0131, \u00e7ekim ve slogan atma gibi bir\u00e7ok eylemi yasaklad\u0131. Ayr\u0131nt\u0131lar haberimizde\u2026Nisan sonuna dek haftan\u0131n d\u00f6rt g\u00fcn\u00fc duru\u015fma yap\u0131lmas\u0131 planlan\u0131yor. Kaymakaml\u0131k cezaevi \u00e7evresinde toplant\u0131, bas\u0131n a\u00e7\u0131klamas\u0131, \u00e7ekim ve slogan atma gibi bir\u00e7ok eylemi yasaklad\u0131. Ayr\u0131nt\u0131lar haberimizde\u2026\u00a0<a href=\"https:\/\/www.cumhuriyet.com.tr\/siyaset\/3-bin-900-sayfalik-iddianameyle-acilan-davada-imamoglu-nun-da-oldugu-402-sanikli-ibb-davasi-bugun-yargilama-basliyor-2485184\" target=\"_blank\" class=\"feedzy-rss-link-icon\">Read More<\/a><\/p>","protected":false},"excerpt":{"rendered":"<p>Nisan sonuna dek haftan\u0131n d\u00f6rt g\u00fcn\u00fc duru\u015fma yap\u0131lmas\u0131 planlan\u0131yor. Kaymakaml\u0131k cezaevi \u00e7evresinde toplant\u0131, bas\u0131n a\u00e7\u0131klamas\u0131, \u00e7ekim ve slogan atma gibi bir\u00e7ok eylemi yasaklad\u0131. Ayr\u0131nt\u0131lar haberimizde\u2026Nisan sonuna dek haftan\u0131n d\u00f6rt g\u00fcn\u00fc duru\u015fma yap\u0131lmas\u0131 planlan\u0131yor. Kaymakaml\u0131k cezaevi \u00e7evresinde toplant\u0131, bas\u0131n a\u00e7\u0131klamas\u0131, \u00e7ekim ve slogan atma gibi bir\u00e7ok eylemi yasaklad\u0131. Ayr\u0131nt\u0131lar haberimizde\u2026\u00a0Read More<\/p>\n","protected":false},"author":1,"featured_media":22647,"comment_status":"open","ping_status":"open","sticky":false,"template":"","format":"standard","meta":{"footnotes":"","_links_to":"","_links_to_target":""},"categories":[1],"tags":[],"class_list":["post-22646","post","type-post","status-publish","format-standard","has-post-thumbnail","hentry","category-haberler"],"_links":{"self":[{"href":"https:\/\/www.abchukuk.com\/index.php\/wp-json\/wp\/v2\/posts\/22646","targetHints":{"allow":["GET"]}}],"collection":[{"href":"https:\/\/www.abchukuk.com\/index.php\/wp-json\/wp\/v2\/posts"}],"about":[{"href":"https:\/\/www.abchukuk.com\/index.php\/wp-json\/wp\/v2\/types\/post"}],"author":[{"embeddable":true,"href":"https:\/\/www.abchukuk.com\/index.php\/wp-json\/wp\/v2\/users\/1"}],"replies":[{"embeddable":true,"href":"https:\/\/www.abchukuk.com\/index.php\/wp-json\/wp\/v2\/comments?post=22646"}],"version-history":[{"count":0,"href":"https:\/\/www.abchukuk.com\/index.php\/wp-json\/wp\/v2\/posts\/22646\/revisions"}],"wp:featuredmedia":[{"embeddable":true,"href":"https:\/\/www.abchukuk.com\/index.php\/wp-json\/wp\/v2\/media\/22647"}],"wp:attachment":[{"href":"https:\/\/www.abchukuk.com\/index.php\/wp-json\/wp\/v2\/media?parent=22646"}],"wp:term":[{"taxonomy":"category","embeddable":true,"href":"https:\/\/www.abchukuk.com\/index.php\/wp-json\/wp\/v2\/categories?post=22646"},{"taxonomy":"post_tag","embeddable":true,"href":"https:\/\/www.abchukuk.com\/index.php\/wp-json\/wp\/v2\/tags?post=22646"}],"curies":[{"name":"wp","href":"https:\/\/api.w.org\/{rel}","templated":true}]}}