{"id":22627,"date":"2026-03-08T21:55:00","date_gmt":"2026-03-08T21:55:00","guid":{"rendered":"https:\/\/www.abchukuk.com\/index.php\/2026\/03\/08\/ekrem-imamoglu-durusma-oncesinde-neden-siyasete-girdigini-anlatti-benim-hikayem-aslinda-cok-basit\/"},"modified":"2026-03-08T21:55:00","modified_gmt":"2026-03-08T21:55:00","slug":"ekrem-imamoglu-durusma-oncesinde-neden-siyasete-girdigini-anlatti-benim-hikayem-aslinda-cok-basit","status":"publish","type":"post","link":"https:\/\/www.abchukuk.com\/index.php\/2026\/03\/08\/ekrem-imamoglu-durusma-oncesinde-neden-siyasete-girdigini-anlatti-benim-hikayem-aslinda-cok-basit\/","title":{"rendered":"Ekrem \u0130mamo\u011flu, duru\u015fma \u00f6ncesinde neden siyasete girdi\u011fini anlatt\u0131: &#8216;Benim hikayem asl\u0131nda \u00e7ok basit&#8230;&#8217;"},"content":{"rendered":"<p>Tutuklu \u0130stanbul B\u00fcy\u00fck\u015fehir Belediye Ba\u015fkan\u0131 ve CHP\u2019nin cumhurba\u015fkan\u0131 aday\u0131 Ekrem \u0130mamo\u011flu, bug\u00fcn ba\u015flayacak \u0130BB davas\u0131 duru\u015fmas\u0131 \u00f6ncesi siyasete neden girdi\u011fini anlatt\u0131. \u0130mamo\u011flu, &#8220;Bu \u00fclkede hala \u00e7al\u0131\u015fkan insanlar var, vicdanl\u0131 insanlar var, sorumluluk sahibi gen\u00e7ler var. Ben siyasete zenginle\u015fmek i\u00e7in girmedim. Zaten i\u015fim vard\u0131. Ben bu \u00fclkenin daha adil olabilece\u011fine inand\u0131\u011f\u0131m i\u00e7in girdim. Belki bug\u00fcn zor bir d\u00f6nemden ge\u00e7iyoruz ama \u015funa inan\u0131yorum: Bu \u00fclke yeniden nefes alacak. \u00c7ocuklar kayg\u0131yla de\u011fil umutla b\u00fcy\u00fcyecek. Benim hikayem asl\u0131nda \u00e7ok basit. \u00c7al\u0131\u015farak b\u00fcy\u00fcm\u00fc\u015f bir \u00e7ocu\u011fun ya\u015fad\u0131\u011f\u0131 yere borcunu \u00f6deme hikayesi\u2026 Ve ben o borcu \u00f6demeden durmayaca\u011f\u0131m&#8221; dedi.Tutuklu \u0130stanbul B\u00fcy\u00fck\u015fehir Belediye Ba\u015fkan\u0131 ve CHP\u2019nin cumhurba\u015fkan\u0131 aday\u0131 Ekrem \u0130mamo\u011flu, bug\u00fcn ba\u015flayacak \u0130BB davas\u0131 duru\u015fmas\u0131 \u00f6ncesi siyasete neden girdi\u011fini anlatt\u0131. \u0130mamo\u011flu, &#8220;Bu \u00fclkede hala \u00e7al\u0131\u015fkan insanlar var, vicdanl\u0131 insanlar var, sorumluluk sahibi gen\u00e7ler var. Ben siyasete zenginle\u015fmek i\u00e7in girmedim. Zaten i\u015fim vard\u0131. Ben bu \u00fclkenin daha adil olabilece\u011fine inand\u0131\u011f\u0131m i\u00e7in girdim. Belki bug\u00fcn zor bir d\u00f6nemden ge\u00e7iyoruz ama \u015funa inan\u0131yorum: Bu \u00fclke yeniden nefes alacak. \u00c7ocuklar kayg\u0131yla de\u011fil umutla b\u00fcy\u00fcyecek. Benim hikayem asl\u0131nda \u00e7ok basit. \u00c7al\u0131\u015farak b\u00fcy\u00fcm\u00fc\u015f bir \u00e7ocu\u011fun ya\u015fad\u0131\u011f\u0131 yere borcunu \u00f6deme hikayesi\u2026 Ve ben o borcu \u00f6demeden durmayaca\u011f\u0131m&#8221; dedi.\u00a0<a href=\"https:\/\/www.cumhuriyet.com.tr\/siyaset\/ekrem-imamoglu-durusma-oncesinde-neden-siyasete-girdigini-anlatti-benim-hikayem-aslinda-cok-basit-2485188\" target=\"_blank\" class=\"feedzy-rss-link-icon\">Read More<\/a><\/p>","protected":false},"excerpt":{"rendered":"<p>Tutuklu \u0130stanbul B\u00fcy\u00fck\u015fehir Belediye Ba\u015fkan\u0131 ve CHP\u2019nin cumhurba\u015fkan\u0131 aday\u0131 Ekrem \u0130mamo\u011flu, bug\u00fcn ba\u015flayacak \u0130BB davas\u0131 duru\u015fmas\u0131 \u00f6ncesi siyasete neden girdi\u011fini anlatt\u0131. \u0130mamo\u011flu, &#8220;Bu \u00fclkede hala \u00e7al\u0131\u015fkan insanlar var, vicdanl\u0131 insanlar var, sorumluluk sahibi gen\u00e7ler var. Ben siyasete zenginle\u015fmek i\u00e7in girmedim. Zaten i\u015fim vard\u0131. Ben bu \u00fclkenin daha adil olabilece\u011fine inand\u0131\u011f\u0131m i\u00e7in girdim. Belki bug\u00fcn zor [&hellip;]<\/p>\n","protected":false},"author":1,"featured_media":22628,"comment_status":"open","ping_status":"open","sticky":false,"template":"","format":"standard","meta":{"footnotes":"","_links_to":"","_links_to_target":""},"categories":[1],"tags":[],"class_list":["post-22627","post","type-post","status-publish","format-standard","has-post-thumbnail","hentry","category-haberler"],"_links":{"self":[{"href":"https:\/\/www.abchukuk.com\/index.php\/wp-json\/wp\/v2\/posts\/22627","targetHints":{"allow":["GET"]}}],"collection":[{"href":"https:\/\/www.abchukuk.com\/index.php\/wp-json\/wp\/v2\/posts"}],"about":[{"href":"https:\/\/www.abchukuk.com\/index.php\/wp-json\/wp\/v2\/types\/post"}],"author":[{"embeddable":true,"href":"https:\/\/www.abchukuk.com\/index.php\/wp-json\/wp\/v2\/users\/1"}],"replies":[{"embeddable":true,"href":"https:\/\/www.abchukuk.com\/index.php\/wp-json\/wp\/v2\/comments?post=22627"}],"version-history":[{"count":0,"href":"https:\/\/www.abchukuk.com\/index.php\/wp-json\/wp\/v2\/posts\/22627\/revisions"}],"wp:featuredmedia":[{"embeddable":true,"href":"https:\/\/www.abchukuk.com\/index.php\/wp-json\/wp\/v2\/media\/22628"}],"wp:attachment":[{"href":"https:\/\/www.abchukuk.com\/index.php\/wp-json\/wp\/v2\/media?parent=22627"}],"wp:term":[{"taxonomy":"category","embeddable":true,"href":"https:\/\/www.abchukuk.com\/index.php\/wp-json\/wp\/v2\/categories?post=22627"},{"taxonomy":"post_tag","embeddable":true,"href":"https:\/\/www.abchukuk.com\/index.php\/wp-json\/wp\/v2\/tags?post=22627"}],"curies":[{"name":"wp","href":"https:\/\/api.w.org\/{rel}","templated":true}]}}