{"id":22621,"date":"2026-03-08T14:10:00","date_gmt":"2026-03-08T14:10:00","guid":{"rendered":"https:\/\/www.abchukuk.com\/index.php\/2026\/03\/08\/ozgur-ozelden-ibb-davasi-aciklamasi-yargilanmaya-degil-yargilamaya-gidiyoruz\/"},"modified":"2026-03-08T14:10:00","modified_gmt":"2026-03-08T14:10:00","slug":"ozgur-ozelden-ibb-davasi-aciklamasi-yargilanmaya-degil-yargilamaya-gidiyoruz","status":"publish","type":"post","link":"https:\/\/www.abchukuk.com\/index.php\/2026\/03\/08\/ozgur-ozelden-ibb-davasi-aciklamasi-yargilanmaya-degil-yargilamaya-gidiyoruz\/","title":{"rendered":"\u00d6zg\u00fcr \u00d6zel\u2019den &#8216;\u0130BB davas\u0131&#8217; a\u00e7\u0131klamas\u0131: &#8216;Yarg\u0131lanmaya de\u011fil yarg\u0131lamaya gidiyoruz&#8217;"},"content":{"rendered":"<p>CHP Genel Ba\u015fkan\u0131 \u00d6zg\u00fcr \u00d6zel, yar\u0131n ba\u015flayacak \u0130BB davas\u0131 ile ilgili, &#8220;Adam\u0131n su\u00e7u iktidara y\u00fcr\u00fcyen partinin Cumhurba\u015fkan\u0131 aday\u0131 olmak.\u2019 O y\u00fczden \u015fimdi art\u0131k yarg\u0131lanmak de\u011fil, yarg\u0131lamak \u00fczere Silivri\u2019ye gidiyoruz&#8221; dedi. \u00d6zel, ayr\u0131ca &#8216;provokasyon&#8217; uyar\u0131s\u0131 da yaparak &#8220;Hakl\u0131l\u0131\u011f\u0131m\u0131za g\u00f6lgeleyecek hi\u00e7bir \u015fey istemiyorum orada. Jandarma karde\u015fimin omzunu iter birisi, hakl\u0131yken haks\u0131z duruma d\u00fc\u015feriz&#8221; ifadelerini kulland\u0131.CHP Genel Ba\u015fkan\u0131 \u00d6zg\u00fcr \u00d6zel, yar\u0131n ba\u015flayacak \u0130BB davas\u0131 ile ilgili, &#8220;Adam\u0131n su\u00e7u iktidara y\u00fcr\u00fcyen partinin Cumhurba\u015fkan\u0131 aday\u0131 olmak.\u2019 O y\u00fczden \u015fimdi art\u0131k yarg\u0131lanmak de\u011fil, yarg\u0131lamak \u00fczere Silivri\u2019ye gidiyoruz&#8221; dedi. \u00d6zel, ayr\u0131ca &#8216;provokasyon&#8217; uyar\u0131s\u0131 da yaparak &#8220;Hakl\u0131l\u0131\u011f\u0131m\u0131za g\u00f6lgeleyecek hi\u00e7bir \u015fey istemiyorum orada. Jandarma karde\u015fimin omzunu iter birisi, hakl\u0131yken haks\u0131z duruma d\u00fc\u015feriz&#8221; ifadelerini kulland\u0131.\u00a0<a href=\"https:\/\/www.cumhuriyet.com.tr\/siyaset\/ozgur-ozel-den-ibb-davasi-aciklamasi-yargilanmaya-degil-yargilamaya-gidiyoruz-2485081\" target=\"_blank\" class=\"feedzy-rss-link-icon\">Read More<\/a><\/p>","protected":false},"excerpt":{"rendered":"<p>CHP Genel Ba\u015fkan\u0131 \u00d6zg\u00fcr \u00d6zel, yar\u0131n ba\u015flayacak \u0130BB davas\u0131 ile ilgili, &#8220;Adam\u0131n su\u00e7u iktidara y\u00fcr\u00fcyen partinin Cumhurba\u015fkan\u0131 aday\u0131 olmak.\u2019 O y\u00fczden \u015fimdi art\u0131k yarg\u0131lanmak de\u011fil, yarg\u0131lamak \u00fczere Silivri\u2019ye gidiyoruz&#8221; dedi. \u00d6zel, ayr\u0131ca &#8216;provokasyon&#8217; uyar\u0131s\u0131 da yaparak &#8220;Hakl\u0131l\u0131\u011f\u0131m\u0131za g\u00f6lgeleyecek hi\u00e7bir \u015fey istemiyorum orada. Jandarma karde\u015fimin omzunu iter birisi, hakl\u0131yken haks\u0131z duruma d\u00fc\u015feriz&#8221; ifadelerini kulland\u0131.CHP Genel Ba\u015fkan\u0131 [&hellip;]<\/p>\n","protected":false},"author":1,"featured_media":22622,"comment_status":"open","ping_status":"open","sticky":false,"template":"","format":"standard","meta":{"footnotes":"","_links_to":"","_links_to_target":""},"categories":[1],"tags":[],"class_list":["post-22621","post","type-post","status-publish","format-standard","has-post-thumbnail","hentry","category-haberler"],"_links":{"self":[{"href":"https:\/\/www.abchukuk.com\/index.php\/wp-json\/wp\/v2\/posts\/22621","targetHints":{"allow":["GET"]}}],"collection":[{"href":"https:\/\/www.abchukuk.com\/index.php\/wp-json\/wp\/v2\/posts"}],"about":[{"href":"https:\/\/www.abchukuk.com\/index.php\/wp-json\/wp\/v2\/types\/post"}],"author":[{"embeddable":true,"href":"https:\/\/www.abchukuk.com\/index.php\/wp-json\/wp\/v2\/users\/1"}],"replies":[{"embeddable":true,"href":"https:\/\/www.abchukuk.com\/index.php\/wp-json\/wp\/v2\/comments?post=22621"}],"version-history":[{"count":0,"href":"https:\/\/www.abchukuk.com\/index.php\/wp-json\/wp\/v2\/posts\/22621\/revisions"}],"wp:featuredmedia":[{"embeddable":true,"href":"https:\/\/www.abchukuk.com\/index.php\/wp-json\/wp\/v2\/media\/22622"}],"wp:attachment":[{"href":"https:\/\/www.abchukuk.com\/index.php\/wp-json\/wp\/v2\/media?parent=22621"}],"wp:term":[{"taxonomy":"category","embeddable":true,"href":"https:\/\/www.abchukuk.com\/index.php\/wp-json\/wp\/v2\/categories?post=22621"},{"taxonomy":"post_tag","embeddable":true,"href":"https:\/\/www.abchukuk.com\/index.php\/wp-json\/wp\/v2\/tags?post=22621"}],"curies":[{"name":"wp","href":"https:\/\/api.w.org\/{rel}","templated":true}]}}